{"id":1015,"date":"2019-08-19T18:00:41","date_gmt":"2019-08-19T18:00:41","guid":{"rendered":"http:\/\/dalmadaesa.cl\/?p=1015"},"modified":"2020-08-27T02:34:04","modified_gmt":"2020-08-27T02:34:04","slug":"1a-congreso-inter-escuelas-de-taekwondo-tradicional-ifkma-2019","status":"publish","type":"post","link":"https:\/\/dalmadaesa.cl\/?p=1015","title":{"rendered":"1\u00aa Congreso Inter Escuelas de Taekwondo Tradicional IFKMA, 2019"},"content":{"rendered":"<h1 class=\"entry-title page-title\">\u201cHomenaje Gran Maestro Francisco Taboada\u201d<\/h1>\n<p style=\"text-align: justify;\">El reciente S\u00e1bado 17 de Agosto del presente a\u00f1o, se realiz\u00f3 el primer Congreso Inter Escuelas de Taekwondo Tradicional IFKMA, 2019 \u201cHomenaje Gran Maestro Francisco Taboada\u201d, en el Gimnasio Ol\u00edmpico de la I. Municipalidad de San Miguel.<\/p>\n<p style=\"text-align: justify;\">El evento estuvo orientado a practicantes de Taekwondo Tradicional de todas las edades y grados, vinculados a la Asociaciones \u201cDalmadaesa\u201d y \u201cC\u00edrculo de Quir\u00f3n\u201d, estos \u00faltimos, due\u00f1os de casa, que acogieron con gran entusiasmo a una gran asistencia de taekwondistas.<\/p>\n<p style=\"text-align: justify;\" >En esta ocasi\u00f3n la actividad tuvo como motivaci\u00f3n reunir a los practicantes, de Taekwondo Tradicional de nuestras escuelas, en un contexto de camarader\u00eda con la intenci\u00f3n de homologar criterios t\u00e9cnicos y programar las futuras actividades anuales del estilo.<\/p>\n<div id=\"attachment_1016\" style=\"width: 688px\" class=\"wp-caption aligncenter\"><img loading=\"lazy\" decoding=\"async\" aria-describedby=\"caption-attachment-1016\" src=\"http:\/\/dalmadaesa.cl\/wp-content\/uploads\/2019\/08\/congreso_ifkma_foto_1-678x381.jpg\" alt=\"\" width=\"678\" height=\"381\" class=\"size-mh-magazine-lite-content wp-image-1016\"\/><p id=\"caption-attachment-1016\" class=\"wp-caption-text\"><\/p>\n<p style=\"text-align: justify;\">Al centro: Sabonim Rafael Santos, Presidente de la Asociaci\u00f3n Dalmadaesa, quien dirigi\u00f3 el congreso.<br \/>A la derecha: Sabonim Patricio Rivas, de la Escuela C\u00edrculo de Quir\u00f3n, encargado del gimnasio.<br \/>A la izquierda: Sabonim Patricio Gonz\u00e1lez, de la escuela Micenas, invitado de honor.<\/p>\n<p><\/p><\/div>\n<p style=\"text-align: justify;\">La jornada no solo estuvo enfocada en los aspectos t\u00e9cnicos, sino tambi\u00e9n en su tradici\u00f3n marcial original que busca despertar el esp\u00edritu del guerrero noble y altruista.<\/p>\n<p style=\"text-align: justify;\">El Gran Maestro Francisco Taboada es taekwondista latinoamericano radicado en Brasil, como disc\u00edpulo de Choi Hong Hi y de otros maestros, particip\u00f3 en la fundaci\u00f3n de las primeras escuelas de taekwondo tradicional tanto en Argentina como en Brasil. Y somos herederos de esa gesta gracias a su presencia.<\/p>\n<p><div id=\"attachment_1017\" style=\"width: 688px\" class=\"wp-caption aligncenter\"><img loading=\"lazy\" decoding=\"async\" aria-describedby=\"caption-attachment-1017\" src=\"http:\/\/dalmadaesa.cl\/wp-content\/uploads\/2019\/08\/congreso_ifkma_foto_2-678x381.jpg\" alt=\"\" width=\"678\" height=\"381\" class=\"size-mh-magazine-lite-content wp-image-1017\" \/><p id=\"caption-attachment-1017\" class=\"wp-caption-text\">La rama de Taekwondo tradicional de la escuela C\u00edrculo de Quir\u00f3n con sabonim Patricio Rivas al centro.<\/p><\/div><br \/>\n<br \/>\n<div id=\"attachment_1018\" style=\"width: 688px\" class=\"wp-caption aligncenter\"><img loading=\"lazy\" decoding=\"async\" aria-describedby=\"caption-attachment-1018\" src=\"http:\/\/dalmadaesa.cl\/wp-content\/uploads\/2019\/08\/congreso_ifkma_foto_3-678x381.jpg\" alt=\"\" width=\"678\" height=\"381\" class=\"size-mh-magazine-lite-content wp-image-1018\" \/><p id=\"caption-attachment-1018\" class=\"wp-caption-text\">Cinturones negros de los distintos clubes de la escuela DalmaDeasa y de la escuela C\u00edrculo de Quir\u00f3n.<\/p><\/div><\/p>\n","protected":false},"excerpt":{"rendered":"<p>\u201cHomenaje Gran Maestro Francisco Taboada\u201d El reciente S\u00e1bado 17 de Agosto del presente a\u00f1o, se realiz\u00f3 el primer Congreso Inter Escuelas de Taekwondo Tradicional IFKMA, 2019 \u201cHomenaje Gran Maestro Francisco Taboada\u201d, en el Gimnasio Ol\u00edmpico de la I. Municipalidad de San Miguel. El evento estuvo orientado a practicantes de Taekwondo Tradicional de todas las edades&hellip; <br \/> <a class=\"read-more\" href=\"https:\/\/dalmadaesa.cl\/?p=1015\">Leer m\u00e1s<\/a><\/p>\n","protected":false},"author":6,"featured_media":1229,"comment_status":"closed","ping_status":"open","sticky":false,"template":"","format":"standard","meta":{"footnotes":""},"categories":[4,8],"tags":[],"class_list":["post-1015","post","type-post","status-publish","format-standard","has-post-thumbnail","hentry","category-actividades","category-escuelas"],"_links":{"self":[{"href":"https:\/\/dalmadaesa.cl\/index.php?rest_route=\/wp\/v2\/posts\/1015","targetHints":{"allow":["GET"]}}],"collection":[{"href":"https:\/\/dalmadaesa.cl\/index.php?rest_route=\/wp\/v2\/posts"}],"about":[{"href":"https:\/\/dalmadaesa.cl\/index.php?rest_route=\/wp\/v2\/types\/post"}],"author":[{"embeddable":true,"href":"https:\/\/dalmadaesa.cl\/index.php?rest_route=\/wp\/v2\/users\/6"}],"replies":[{"embeddable":true,"href":"https:\/\/dalmadaesa.cl\/index.php?rest_route=%2Fwp%2Fv2%2Fcomments&post=1015"}],"version-history":[{"count":1,"href":"https:\/\/dalmadaesa.cl\/index.php?rest_route=\/wp\/v2\/posts\/1015\/revisions"}],"predecessor-version":[{"id":1019,"href":"https:\/\/dalmadaesa.cl\/index.php?rest_route=\/wp\/v2\/posts\/1015\/revisions\/1019"}],"wp:featuredmedia":[{"embeddable":true,"href":"https:\/\/dalmadaesa.cl\/index.php?rest_route=\/wp\/v2\/media\/1229"}],"wp:attachment":[{"href":"https:\/\/dalmadaesa.cl\/index.php?rest_route=%2Fwp%2Fv2%2Fmedia&parent=1015"}],"wp:term":[{"taxonomy":"category","embeddable":true,"href":"https:\/\/dalmadaesa.cl\/index.php?rest_route=%2Fwp%2Fv2%2Fcategories&post=1015"},{"taxonomy":"post_tag","embeddable":true,"href":"https:\/\/dalmadaesa.cl\/index.php?rest_route=%2Fwp%2Fv2%2Ftags&post=1015"}],"curies":[{"name":"wp","href":"https:\/\/api.w.org\/{rel}","templated":true}]}}