{"id":1063,"date":"2015-02-10T12:00:04","date_gmt":"2015-02-10T12:00:04","guid":{"rendered":"http:\/\/dalmadaesa.cl\/?p=1063"},"modified":"2020-07-22T00:51:02","modified_gmt":"2020-07-22T00:51:02","slug":"campamento-de-verano-en-picarquin-2015","status":"publish","type":"post","link":"https:\/\/dalmadaesa.cl\/?p=1063","title":{"rendered":"Campamento de Verano en Picarquin 2015"},"content":{"rendered":"<p style=\"text-align: justify;\">Al comienzo de cada a\u00f1o se efect\u00faa un evento al aire libre que marca la culminaci\u00f3n del a\u00f1o deportivo para la Dalmadaesa, el Campamento de Verano. Junto con realizar seminarios de pr\u00e1cticas y t\u00e9cnicas, tambi\u00e9n los postulantes realizan su examen que significa dejar atr\u00e1s su periodo de \u201ccolor\u201d para iniciar su nuevo camino m\u00e1s profundo al lograr su cintur\u00f3n negro. Despu\u00e9s de este significativo evento, donde reina el deporte y la formaci\u00f3n, las actividades se detienen por un breve tiempo de descanso hasta la llegada del mes de marzo donde comienza de nuevo ciclo.<\/p>\n<div id=\"attachment_1052\" style=\"width: 688px\" class=\"wp-caption aligncenter\"><img loading=\"lazy\" decoding=\"async\" aria-describedby=\"caption-attachment-1052\" src=\"http:\/\/dalmadaesa.cl\/wp-content\/uploads\/2020\/07\/foto_01-678x381.jpg\" alt=\"\" width=\"678\" height=\"381\" class=\"size-mh-magazine-lite-content wp-image-1052\" \/><p id=\"caption-attachment-1052\" class=\"wp-caption-text\">Formaci\u00f3n de los cinturones negros.<\/p><\/div>\n<p style=\"text-align: justify;\">La Asociaci\u00f3n Deportiva Dalmadaesa se congrega verano tras verano, o mejor dicho, campamento tras campamento con todos los clubes que la componen, en un lugar retirado de la ciudad, en esta oportunidad en el Centro de Formaci\u00f3n y Eventos Picarqu\u00edn.<\/p>\n<div id=\"attachment_1053\" style=\"width: 688px\" class=\"wp-caption aligncenter\"><img loading=\"lazy\" decoding=\"async\" aria-describedby=\"caption-attachment-1053\" src=\"http:\/\/dalmadaesa.cl\/wp-content\/uploads\/2020\/07\/foto_02-678x381.jpg\" alt=\"\" width=\"678\" height=\"381\" class=\"size-mh-magazine-lite-content wp-image-1053\" \/><p id=\"caption-attachment-1053\" class=\"wp-caption-text\">Caminata por el sector, despu\u00e9s de un arduo trabajo.<\/p><\/div>\n<div id=\"attachment_1054\" style=\"width: 688px\" class=\"wp-caption aligncenter\"><img loading=\"lazy\" decoding=\"async\" aria-describedby=\"caption-attachment-1054\" src=\"http:\/\/dalmadaesa.cl\/wp-content\/uploads\/2020\/07\/foto_03-678x381.jpg\" alt=\"\" width=\"678\" height=\"381\" class=\"size-mh-magazine-lite-content wp-image-1054\" srcset=\"https:\/\/dalmadaesa.cl\/wp-content\/uploads\/2020\/07\/foto_03-678x381.jpg 678w, https:\/\/dalmadaesa.cl\/wp-content\/uploads\/2020\/07\/foto_03-300x169.jpg 300w, https:\/\/dalmadaesa.cl\/wp-content\/uploads\/2020\/07\/foto_03-768x432.jpg 768w, https:\/\/dalmadaesa.cl\/wp-content\/uploads\/2020\/07\/foto_03.jpg 920w\" sizes=\"auto, (max-width: 678px) 100vw, 678px\" \/><p id=\"caption-attachment-1054\" class=\"wp-caption-text\">Despu\u00e9s de un desgate de energ\u00eda, se viene bien reponer esa energ\u00eda.<\/p><\/div>\n<p style=\"text-align: justify;\">Picarqu\u00edn es un centro scout de Formaci\u00f3n y Eventos ubicado en localidad de Mostazal, cerca de Rancagua, regi\u00f3n del Libertador Bernardo O&#8217;higgins. Es conocida por el 19\u00ba Jamboree Scout Mundial de 1998 y 1999. Aleda\u00f1o a este recinto los cerros custodian su tranquilidad y contacto con lo natural.<\/p>\n<div id=\"attachment_1055\" style=\"width: 688px\" class=\"wp-caption aligncenter\"><img loading=\"lazy\" decoding=\"async\" aria-describedby=\"caption-attachment-1055\" src=\"http:\/\/dalmadaesa.cl\/wp-content\/uploads\/2020\/07\/foto_04-678x381.jpg\" alt=\"\" width=\"678\" height=\"381\" class=\"size-mh-magazine-lite-content wp-image-1055\" \/><p id=\"caption-attachment-1055\" class=\"wp-caption-text\">En momentos de pr\u00e1ctica el alma nos hace sonre\u00edr.<\/p><\/div>\n<div id=\"attachment_1056\" style=\"width: 688px\" class=\"wp-caption aligncenter\"><img loading=\"lazy\" decoding=\"async\" aria-describedby=\"caption-attachment-1056\" src=\"http:\/\/dalmadaesa.cl\/wp-content\/uploads\/2020\/07\/foto_05-678x381.jpg\" alt=\"\" width=\"678\" height=\"381\" class=\"size-mh-magazine-lite-content wp-image-1056\" \/><p id=\"caption-attachment-1056\" class=\"wp-caption-text\">Momento de pr\u00e1ctica en que el instructor ense\u00f1a la t\u00e9cnica. Al fondo se ve el campamento.<\/p><\/div>\n<div id=\"attachment_1057\" style=\"width: 688px\" class=\"wp-caption aligncenter\"><img loading=\"lazy\" decoding=\"async\" aria-describedby=\"caption-attachment-1057\" src=\"http:\/\/dalmadaesa.cl\/wp-content\/uploads\/2020\/07\/foto_06-678x318.jpg\" alt=\"\" width=\"678\" height=\"318\" class=\"size-mh-magazine-lite-content wp-image-1057\" \/><p id=\"caption-attachment-1057\" class=\"wp-caption-text\">Formaci\u00f3n de cinturones negros y gup, practicando en la campi\u00f1a.<\/p><\/div>\n<div id=\"attachment_1059\" style=\"width: 688px\" class=\"wp-caption aligncenter\"><img loading=\"lazy\" decoding=\"async\" aria-describedby=\"caption-attachment-1059\" src=\"http:\/\/dalmadaesa.cl\/wp-content\/uploads\/2020\/07\/foto_08-678x381.jpg\" alt=\"\" width=\"678\" height=\"381\" class=\"size-mh-magazine-lite-content wp-image-1059\" \/><p id=\"caption-attachment-1059\" class=\"wp-caption-text\">Se abre el d\u00eda y el campamento contin\u00eda su jornada.<\/p><\/div>\n<div id=\"attachment_1060\" style=\"width: 688px\" class=\"wp-caption aligncenter\"><img loading=\"lazy\" decoding=\"async\" aria-describedby=\"caption-attachment-1060\" src=\"http:\/\/dalmadaesa.cl\/wp-content\/uploads\/2020\/07\/foto_09-678x381.jpg\" alt=\"\" width=\"678\" height=\"381\" class=\"size-mh-magazine-lite-content wp-image-1060\" \/><p id=\"caption-attachment-1060\" class=\"wp-caption-text\">Estandarte del Club Esparta. Se destaca la \u201cL\u201d griega (lambda) s\u00edmbolo de los escudos de los guerreros de la antigua Esparta.<\/p><\/div>\n<div id=\"attachment_1061\" style=\"width: 688px\" class=\"wp-caption aligncenter\"><img loading=\"lazy\" decoding=\"async\" aria-describedby=\"caption-attachment-1061\" src=\"http:\/\/dalmadaesa.cl\/wp-content\/uploads\/2020\/07\/foto_10-678x381.jpg\" alt=\"\" width=\"678\" height=\"381\" class=\"size-mh-magazine-lite-content wp-image-1061\" srcset=\"https:\/\/dalmadaesa.cl\/wp-content\/uploads\/2020\/07\/foto_10-678x381.jpg 678w, https:\/\/dalmadaesa.cl\/wp-content\/uploads\/2020\/07\/foto_10-300x170.jpg 300w\" sizes=\"auto, (max-width: 678px) 100vw, 678px\" \/><p id=\"caption-attachment-1061\" class=\"wp-caption-text\">Un lugar especial consagr\u00e1ndose para la ceremonia final.<\/p><\/div>\n<div id=\"attachment_1062\" style=\"width: 688px\" class=\"wp-caption aligncenter\"><img loading=\"lazy\" decoding=\"async\" aria-describedby=\"caption-attachment-1062\" src=\"http:\/\/dalmadaesa.cl\/wp-content\/uploads\/2020\/07\/foto_11-678x381.jpg\" alt=\"\" width=\"678\" height=\"381\" class=\"size-mh-magazine-lite-content wp-image-1062\" \/><p id=\"caption-attachment-1062\" class=\"wp-caption-text\">Alumnos de la Dalmdaesa que lograron pasar su arduo examen y conquistaron su preciado cintur\u00f3n negro.<\/p><\/div>\n","protected":false},"excerpt":{"rendered":"<p>Al comienzo de cada a\u00f1o se efect\u00faa un evento al aire libre que marca la culminaci\u00f3n del a\u00f1o deportivo para la Dalmadaesa, el Campamento de Verano. Junto con realizar seminarios de pr\u00e1cticas y t\u00e9cnicas, tambi\u00e9n los postulantes realizan su examen que significa dejar atr\u00e1s su periodo de \u201ccolor\u201d para iniciar su nuevo camino m\u00e1s profundo&hellip; <br \/> <a class=\"read-more\" href=\"https:\/\/dalmadaesa.cl\/?p=1063\">Leer m\u00e1s<\/a><\/p>\n","protected":false},"author":6,"featured_media":1058,"comment_status":"open","ping_status":"open","sticky":false,"template":"","format":"standard","meta":{"footnotes":""},"categories":[1],"tags":[],"class_list":["post-1063","post","type-post","status-publish","format-standard","has-post-thumbnail","hentry","category-general"],"_links":{"self":[{"href":"https:\/\/dalmadaesa.cl\/index.php?rest_route=\/wp\/v2\/posts\/1063","targetHints":{"allow":["GET"]}}],"collection":[{"href":"https:\/\/dalmadaesa.cl\/index.php?rest_route=\/wp\/v2\/posts"}],"about":[{"href":"https:\/\/dalmadaesa.cl\/index.php?rest_route=\/wp\/v2\/types\/post"}],"author":[{"embeddable":true,"href":"https:\/\/dalmadaesa.cl\/index.php?rest_route=\/wp\/v2\/users\/6"}],"replies":[{"embeddable":true,"href":"https:\/\/dalmadaesa.cl\/index.php?rest_route=%2Fwp%2Fv2%2Fcomments&post=1063"}],"version-history":[{"count":0,"href":"https:\/\/dalmadaesa.cl\/index.php?rest_route=\/wp\/v2\/posts\/1063\/revisions"}],"wp:featuredmedia":[{"embeddable":true,"href":"https:\/\/dalmadaesa.cl\/index.php?rest_route=\/wp\/v2\/media\/1058"}],"wp:attachment":[{"href":"https:\/\/dalmadaesa.cl\/index.php?rest_route=%2Fwp%2Fv2%2Fmedia&parent=1063"}],"wp:term":[{"taxonomy":"category","embeddable":true,"href":"https:\/\/dalmadaesa.cl\/index.php?rest_route=%2Fwp%2Fv2%2Fcategories&post=1063"},{"taxonomy":"post_tag","embeddable":true,"href":"https:\/\/dalmadaesa.cl\/index.php?rest_route=%2Fwp%2Fv2%2Ftags&post=1063"}],"curies":[{"name":"wp","href":"https:\/\/api.w.org\/{rel}","templated":true}]}}