{"id":1064,"date":"2015-10-30T16:55:50","date_gmt":"2015-10-30T16:55:50","guid":{"rendered":"http:\/\/dalmadaesa.cl\/?p=1064"},"modified":"2020-08-11T02:50:55","modified_gmt":"2020-08-11T02:50:55","slug":"9-campeonato-internacional-chile-open-2015-estadio-espanol-vina-del-mar","status":"publish","type":"post","link":"https:\/\/dalmadaesa.cl\/?p=1064","title":{"rendered":"9\u00b0 Campeonato Internacional \u00abChile Open\u00bb 2015, Estadio Espa\u00f1ol; Vi\u00f1a del Mar."},"content":{"rendered":"<p style=\"text-align: justify;\">Es octubre de 2015 y deportistas venidos de distintas partes del pa\u00eds y del continente sudamericano se han congregado en Valpara\u00edso para participar y competir en el noveno Chile Open de Taekwondo, que a\u00f1o tras a\u00f1o la escuela Cho Nam Soo realiza en la ciudad puerto.<\/p>\n<div id=\"attachment_1077\" style=\"width: 593px\" class=\"wp-caption aligncenter\"><img loading=\"lazy\" decoding=\"async\" aria-describedby=\"caption-attachment-1077\" src=\"http:\/\/dalmadaesa.cl\/wp-content\/uploads\/2020\/07\/Foto_13.jpg\" alt=\"\" width=\"583\" height=\"884\" class=\"size-full wp-image-1077\" srcset=\"https:\/\/dalmadaesa.cl\/wp-content\/uploads\/2020\/07\/Foto_13.jpg 583w, https:\/\/dalmadaesa.cl\/wp-content\/uploads\/2020\/07\/Foto_13-198x300.jpg 198w\" sizes=\"auto, (max-width: 583px) 100vw, 583px\" \/><p id=\"caption-attachment-1077\" class=\"wp-caption-text\">Afiche del 9\u00b0 Chile Open de Taekwondo, Copa Cho Nam Soo, de Valpara\u00edso 2015.<\/p><\/div>\n<div id=\"attachment_1067\" style=\"width: 688px\" class=\"wp-caption aligncenter\"><img loading=\"lazy\" decoding=\"async\" aria-describedby=\"caption-attachment-1067\" src=\"http:\/\/dalmadaesa.cl\/wp-content\/uploads\/2020\/07\/Foto_03-678x381.jpg\" alt=\"\" width=\"678\" height=\"381\" class=\"size-mh-magazine-lite-content wp-image-1067\" \/><p id=\"caption-attachment-1067\" class=\"wp-caption-text\">Pend\u00f3n de la escuela anfitriona Cho Nam Soo afiliada a la Federaci\u00f3n Deportiva Nacional de Taekwondo WTF, desde 1983.<\/p><\/div>\n<p style=\"text-align: justify;\">Valpara\u00edso (Valle del Para\u00edso), bautizada as\u00ed por Juan de Saavedra o Juan Bautista Pastene, \u201cPancho\u201d como le dicen los porte\u00f1os del cerro Bar\u00f3n, o \u201cLa Joya del Pac\u00edfico\u201d como le llaman los marinos, es una ciudad que guarda recuerdos de muchas historias y canciones a lo largo de la existencia de Chile, fue declara Patrimonio de la Humanidad en 2003.<\/p>\n<div id=\"attachment_1075\" style=\"width: 650px\" class=\"wp-caption aligncenter\"><img loading=\"lazy\" decoding=\"async\" aria-describedby=\"caption-attachment-1075\" src=\"http:\/\/dalmadaesa.cl\/wp-content\/uploads\/2020\/07\/Foto_11-640x381.jpg\" alt=\"\" width=\"640\" height=\"381\" class=\"size-mh-magazine-lite-content wp-image-1075\" \/><p id=\"caption-attachment-1075\" class=\"wp-caption-text\">Formaci\u00f3n de las escuelas al comenzar el 9\u00b0 Chile Open de Valpara\u00edso.<\/p><\/div>\n<div id=\"attachment_1069\" style=\"width: 688px\" class=\"wp-caption aligncenter\"><img loading=\"lazy\" decoding=\"async\" aria-describedby=\"caption-attachment-1069\" src=\"http:\/\/dalmadaesa.cl\/wp-content\/uploads\/2020\/07\/Foto_05-678x381.jpg\" alt=\"\" width=\"678\" height=\"381\" class=\"size-mh-magazine-lite-content wp-image-1069\" \/><p id=\"caption-attachment-1069\" class=\"wp-caption-text\">Bajo la presencia her\u00e1ldica institucional, el mundo inquieto se prepara para iniciar el torneo.<\/p><\/div>\n<div id=\"attachment_1066\" style=\"width: 688px\" class=\"wp-caption aligncenter\"><img loading=\"lazy\" decoding=\"async\" aria-describedby=\"caption-attachment-1066\" src=\"http:\/\/dalmadaesa.cl\/wp-content\/uploads\/2020\/07\/Foto_02-678x381.jpg\" alt=\"\" width=\"678\" height=\"381\" class=\"size-mh-magazine-lite-content wp-image-1066\" \/><p id=\"caption-attachment-1066\" class=\"wp-caption-text\">Desde las m\u00e1s tiernas edades el ser humano enfrenta su destino en el deporte.<\/p><\/div>\n<div id=\"attachment_1065\" style=\"width: 688px\" class=\"wp-caption aligncenter\"><img loading=\"lazy\" decoding=\"async\" aria-describedby=\"caption-attachment-1065\" src=\"http:\/\/dalmadaesa.cl\/wp-content\/uploads\/2020\/07\/Foto_01-678x381.jpg\" alt=\"\" width=\"678\" height=\"381\" class=\"size-mh-magazine-lite-content wp-image-1065\" \/><p id=\"caption-attachment-1065\" class=\"wp-caption-text\">Sobre la acci\u00f3n de los dojanes la presencia de distintos pa\u00edses asistentes al Chile Open de Taekwondo: Argentina, Per\u00fa, Chile, Brasil.<\/p><\/div>\n<div id=\"attachment_1068\" style=\"width: 688px\" class=\"wp-caption aligncenter\"><img loading=\"lazy\" decoding=\"async\" aria-describedby=\"caption-attachment-1068\" src=\"http:\/\/dalmadaesa.cl\/wp-content\/uploads\/2020\/07\/Foto_04-678x381.jpg\" alt=\"\" width=\"678\" height=\"381\" class=\"size-mh-magazine-lite-content wp-image-1068\" \/><p id=\"caption-attachment-1068\" class=\"wp-caption-text\">El regocijo de los j\u00f3venes despu\u00e9s de una participaci\u00f3n gratificante.<\/p><\/div>\n<div id=\"attachment_1070\" style=\"width: 597px\" class=\"wp-caption aligncenter\"><img loading=\"lazy\" decoding=\"async\" aria-describedby=\"caption-attachment-1070\" src=\"http:\/\/dalmadaesa.cl\/wp-content\/uploads\/2020\/07\/Foto_06-587x381.jpg\" alt=\"\" width=\"587\" height=\"381\" class=\"size-mh-magazine-lite-content wp-image-1070\" \/><p id=\"caption-attachment-1070\" class=\"wp-caption-text\">Merecido trofeo obtenido por el trabajo en equipo en el torneo Chile Open.<\/p><\/div>\n<div id=\"attachment_1074\" style=\"width: 444px\" class=\"wp-caption aligncenter\"><img loading=\"lazy\" decoding=\"async\" aria-describedby=\"caption-attachment-1074\" src=\"http:\/\/dalmadaesa.cl\/wp-content\/uploads\/2020\/07\/Foto_10-434x381.jpg\" alt=\"\" width=\"434\" height=\"381\" class=\"size-mh-magazine-lite-content wp-image-1074\" \/><p id=\"caption-attachment-1074\" class=\"wp-caption-text\">Recibiendo algunas palabras de reconocimiento al momento de la premiaci\u00f3n.<\/p><\/div>\n<div id=\"attachment_1078\" style=\"width: 414px\" class=\"wp-caption aligncenter\"><img loading=\"lazy\" decoding=\"async\" aria-describedby=\"caption-attachment-1078\" src=\"http:\/\/dalmadaesa.cl\/wp-content\/uploads\/2015\/10\/Foto_07.jpg\" alt=\"\" width=\"404\" height=\"410\" class=\"size-full wp-image-1078\" srcset=\"https:\/\/dalmadaesa.cl\/wp-content\/uploads\/2015\/10\/Foto_07.jpg 404w, https:\/\/dalmadaesa.cl\/wp-content\/uploads\/2015\/10\/Foto_07-296x300.jpg 296w\" sizes=\"auto, (max-width: 404px) 100vw, 404px\" \/><p id=\"caption-attachment-1078\" class=\"wp-caption-text\">El equipo reunido junto a su copa, su trofeo.<\/p><\/div>\n<div id=\"attachment_1073\" style=\"width: 544px\" class=\"wp-caption aligncenter\"><img loading=\"lazy\" decoding=\"async\" aria-describedby=\"caption-attachment-1073\" src=\"http:\/\/dalmadaesa.cl\/wp-content\/uploads\/2020\/07\/Foto_09-534x381.jpg\" alt=\"\" width=\"534\" height=\"381\" class=\"size-mh-magazine-lite-content wp-image-1073\" \/><p id=\"caption-attachment-1073\" class=\"wp-caption-text\">Participantes de distintos pa\u00edses compartiendo una instant\u00e1nea.<\/p><\/div>\n<div id=\"attachment_1072\" style=\"width: 650px\" class=\"wp-caption aligncenter\"><img loading=\"lazy\" decoding=\"async\" aria-describedby=\"caption-attachment-1072\" src=\"http:\/\/dalmadaesa.cl\/wp-content\/uploads\/2020\/07\/Foto_08-640x381.jpg\" alt=\"\" width=\"640\" height=\"381\" class=\"size-mh-magazine-lite-content wp-image-1072\" \/><p id=\"caption-attachment-1072\" class=\"wp-caption-text\">Visi\u00f3n lateral que muestra a todos los participantes con sus premios, medallas y galardones, la alegr\u00eda es manifiesta.<\/p><\/div>\n<div id=\"attachment_1076\" style=\"width: 421px\" class=\"wp-caption aligncenter\"><img loading=\"lazy\" decoding=\"async\" aria-describedby=\"caption-attachment-1076\" src=\"http:\/\/dalmadaesa.cl\/wp-content\/uploads\/2020\/07\/Foto_12-411x381.jpg\" alt=\"\" width=\"411\" height=\"381\" class=\"size-mh-magazine-lite-content wp-image-1076\" \/><p id=\"caption-attachment-1076\" class=\"wp-caption-text\">Sobre el podio los deportistas exhiben sus medallas, fiel reflejo del resultado de su trabajo.<\/p><\/div>\n","protected":false},"excerpt":{"rendered":"<p>Es octubre de 2015 y deportistas venidos de distintas partes del pa\u00eds y del continente sudamericano se han congregado en Valpara\u00edso para participar y competir en el noveno Chile Open de Taekwondo, que a\u00f1o tras a\u00f1o la escuela Cho Nam Soo realiza en la ciudad puerto. Valpara\u00edso (Valle del Para\u00edso), bautizada as\u00ed por Juan de&hellip; <br \/> <a class=\"read-more\" href=\"https:\/\/dalmadaesa.cl\/?p=1064\">Leer m\u00e1s<\/a><\/p>\n","protected":false},"author":6,"featured_media":1077,"comment_status":"closed","ping_status":"open","sticky":false,"template":"","format":"standard","meta":{"footnotes":""},"categories":[1],"tags":[],"class_list":["post-1064","post","type-post","status-publish","format-standard","has-post-thumbnail","hentry","category-general"],"_links":{"self":[{"href":"https:\/\/dalmadaesa.cl\/index.php?rest_route=\/wp\/v2\/posts\/1064","targetHints":{"allow":["GET"]}}],"collection":[{"href":"https:\/\/dalmadaesa.cl\/index.php?rest_route=\/wp\/v2\/posts"}],"about":[{"href":"https:\/\/dalmadaesa.cl\/index.php?rest_route=\/wp\/v2\/types\/post"}],"author":[{"embeddable":true,"href":"https:\/\/dalmadaesa.cl\/index.php?rest_route=\/wp\/v2\/users\/6"}],"replies":[{"embeddable":true,"href":"https:\/\/dalmadaesa.cl\/index.php?rest_route=%2Fwp%2Fv2%2Fcomments&post=1064"}],"version-history":[{"count":1,"href":"https:\/\/dalmadaesa.cl\/index.php?rest_route=\/wp\/v2\/posts\/1064\/revisions"}],"predecessor-version":[{"id":1080,"href":"https:\/\/dalmadaesa.cl\/index.php?rest_route=\/wp\/v2\/posts\/1064\/revisions\/1080"}],"wp:featuredmedia":[{"embeddable":true,"href":"https:\/\/dalmadaesa.cl\/index.php?rest_route=\/wp\/v2\/media\/1077"}],"wp:attachment":[{"href":"https:\/\/dalmadaesa.cl\/index.php?rest_route=%2Fwp%2Fv2%2Fmedia&parent=1064"}],"wp:term":[{"taxonomy":"category","embeddable":true,"href":"https:\/\/dalmadaesa.cl\/index.php?rest_route=%2Fwp%2Fv2%2Fcategories&post=1064"},{"taxonomy":"post_tag","embeddable":true,"href":"https:\/\/dalmadaesa.cl\/index.php?rest_route=%2Fwp%2Fv2%2Ftags&post=1064"}],"curies":[{"name":"wp","href":"https:\/\/api.w.org\/{rel}","templated":true}]}}