{"id":1093,"date":"2016-07-10T21:19:33","date_gmt":"2016-07-10T21:19:33","guid":{"rendered":"http:\/\/dalmadaesa.cl\/?p=1093"},"modified":"2020-08-11T02:47:36","modified_gmt":"2020-08-11T02:47:36","slug":"campeonato-internacional-brazil-games-taekwondo-festival-sao-paulo-brasil-2016","status":"publish","type":"post","link":"https:\/\/dalmadaesa.cl\/?p=1093","title":{"rendered":"Campeonato Internacional \u00abBrazil Games Taekwondo Festival\u00bb Sao Paulo, Brasil \u2013 2016"},"content":{"rendered":"<div id=\"attachment_1092\" style=\"width: 222px\" class=\"wp-caption aligncenter\"><img loading=\"lazy\" decoding=\"async\" aria-describedby=\"caption-attachment-1092\" src=\"http:\/\/dalmadaesa.cl\/wp-content\/uploads\/2020\/07\/Foto_12-1-212x300.jpg\" alt=\"\" width=\"212\" height=\"300\" class=\"size-medium wp-image-1092\" srcset=\"https:\/\/dalmadaesa.cl\/wp-content\/uploads\/2020\/07\/Foto_12-1-212x300.jpg 212w, https:\/\/dalmadaesa.cl\/wp-content\/uploads\/2020\/07\/Foto_12-1.jpg 354w\" sizes=\"auto, (max-width: 212px) 100vw, 212px\" \/><p id=\"caption-attachment-1092\" class=\"wp-caption-text\">Afiche oficial del Brazil Game Festival 2016.<\/p><\/div>\n<p style=\"text-align: justify;\">En la ciudad de Sao Paulo, Brasil, una de las m\u00e1s pobladas de Sudam\u00e9rica y del mundo, se realiz\u00f3 el Campeonato Internacional \u00abBrazil Games Taekwondo Festival\u00bb y 2\u00b0 Copa Kukkiwon, entre los d\u00edas 30 de junio y el 3 de julio de 2016.<\/p>\n<div id=\"attachment_1084\" style=\"width: 688px\" class=\"wp-caption aligncenter\"><img loading=\"lazy\" decoding=\"async\" aria-describedby=\"caption-attachment-1084\" src=\"http:\/\/dalmadaesa.cl\/wp-content\/uploads\/2020\/07\/Foto_04-1-678x381.jpg\" alt=\"\" width=\"678\" height=\"381\" class=\"size-mh-magazine-lite-content wp-image-1084\" \/><p id=\"caption-attachment-1084\" class=\"wp-caption-text\">Bajo la banderas de los due\u00f1os de casa, la presencia de diversas escuelas present\u00e1ndose a la mesa de los jueces.<\/p><\/div>\n<div id=\"attachment_1083\" style=\"width: 688px\" class=\"wp-caption aligncenter\"><img loading=\"lazy\" decoding=\"async\" aria-describedby=\"caption-attachment-1083\" src=\"http:\/\/dalmadaesa.cl\/wp-content\/uploads\/2020\/07\/Foto_03-1-678x381.jpg\" alt=\"\" width=\"678\" height=\"381\" class=\"size-mh-magazine-lite-content wp-image-1083\" \/><p id=\"caption-attachment-1083\" class=\"wp-caption-text\">Entre las distintas escuelas participante, Chile representado por la escuela DalmaDaesa.<\/p><\/div>\n<p style=\"text-align: justify;\">Organizado por Clube Desportivo Liberdade (Academia Liberdade) con el respaldo de Kukkiwon (The World Taekwondo Headquarter) y la Federaci\u00f3n de Taekwondo do Estado de S\u00e3o Paulo (FETESP) por la Ley de Incentivos Deportivos del Gobierno de S\u00e3o Paulo (LPIE) y el apoyo del Instituto Mestre KIM y Secretar\u00eda de Deportes, Ocio y Recreaci\u00f3n y Pref. de S\u00e3o Paulo.<\/p>\n<div id=\"attachment_1082\" style=\"width: 688px\" class=\"wp-caption aligncenter\"><img loading=\"lazy\" decoding=\"async\" aria-describedby=\"caption-attachment-1082\" src=\"http:\/\/dalmadaesa.cl\/wp-content\/uploads\/2020\/07\/Foto_02-1-678x381.jpg\" alt=\"\" width=\"678\" height=\"381\" class=\"size-mh-magazine-lite-content wp-image-1082\" \/><p id=\"caption-attachment-1082\" class=\"wp-caption-text\">Formaci\u00f3n en guardia esperando la se\u00f1al de los instructores.<\/p><\/div>\n<div id=\"attachment_1081\" style=\"width: 688px\" class=\"wp-caption aligncenter\"><img loading=\"lazy\" decoding=\"async\" aria-describedby=\"caption-attachment-1081\" src=\"http:\/\/dalmadaesa.cl\/wp-content\/uploads\/2020\/07\/Foto_01-1-678x381.jpg\" alt=\"\" width=\"678\" height=\"381\" class=\"size-mh-magazine-lite-content wp-image-1081\" \/><p id=\"caption-attachment-1081\" class=\"wp-caption-text\">Ejercicio de Poomsae, formas o esquemas sobre t\u00e9cnicas b\u00e1sicas.<\/p><\/div>\n<p style=\"text-align: justify;\">La Kukkiwon es la organizaci\u00f3n reguladora oficial del Taekwondo, establecida por el gobierno de Corea del Sur en 1972. Es el \u00fanico instituto de Taekwondo que promueve los rangos de Dan, reconocido por la World Taekwondo Federation (WTF) hoy World Taekwondo (WT), y responsable de promover el Taekwondo a su estado de deporte internacional.<\/p>\n<div id=\"attachment_1085\" style=\"width: 688px\" class=\"wp-caption aligncenter\"><img loading=\"lazy\" decoding=\"async\" aria-describedby=\"caption-attachment-1085\" src=\"http:\/\/dalmadaesa.cl\/wp-content\/uploads\/2020\/07\/Foto_05-1-678x381.jpg\" alt=\"\" width=\"678\" height=\"381\" class=\"size-mh-magazine-lite-content wp-image-1085\" \/><p id=\"caption-attachment-1085\" class=\"wp-caption-text\">Visi\u00f3n gran angular del encuentro internacional.<\/p><\/div>\n<div id=\"attachment_1089\" style=\"width: 688px\" class=\"wp-caption aligncenter\"><img loading=\"lazy\" decoding=\"async\" aria-describedby=\"caption-attachment-1089\" src=\"http:\/\/dalmadaesa.cl\/wp-content\/uploads\/2020\/07\/Foto_09-1-678x381.jpg\" alt=\"\" width=\"678\" height=\"381\" class=\"size-mh-magazine-lite-content wp-image-1089\" srcset=\"https:\/\/dalmadaesa.cl\/wp-content\/uploads\/2020\/07\/Foto_09-1-678x381.jpg 678w, https:\/\/dalmadaesa.cl\/wp-content\/uploads\/2020\/07\/Foto_09-1-300x168.jpg 300w, https:\/\/dalmadaesa.cl\/wp-content\/uploads\/2020\/07\/Foto_09-1-768x431.jpg 768w, https:\/\/dalmadaesa.cl\/wp-content\/uploads\/2020\/07\/Foto_09-1.jpg 960w\" sizes=\"auto, (max-width: 678px) 100vw, 678px\" \/><p id=\"caption-attachment-1089\" class=\"wp-caption-text\">En la tensi\u00f3n de la espera, bien vale un relajo.<\/p><\/div>\n<p style=\"text-align: justify;\">Es uno de los eventos m\u00e1s grandes de TKD de Brasil, y de Am\u00e9rica del Sur, que re\u00fane una amplia presencia de escuelas de distintos pa\u00edses, cont\u00f3 con Juegos de Taekwondo de Brasil (Kyorugui individual); 2\u00aa Copa Kukkiwon de Brasil (18\u00ba Juegos Mudo de Brasil); 18\u00ba Seminarios Internacionales de Taekwondo; y XIX Campeonato Mundial de Dobles y Actividades Extra: Festival de Proyectos LPIE del Gobierno de S\u00e3o Paulo. Cont\u00f3, tambi\u00e9n, con la presencia de varios pa\u00edses, entre otros Chile, representado por participaci\u00f3n destacada de la escuela DalmaDaesa.<\/p>\n<div id=\"attachment_1090\" style=\"width: 688px\" class=\"wp-caption aligncenter\"><img loading=\"lazy\" decoding=\"async\" aria-describedby=\"caption-attachment-1090\" src=\"http:\/\/dalmadaesa.cl\/wp-content\/uploads\/2020\/07\/Foto_10-1-678x381.jpg\" alt=\"\" width=\"678\" height=\"381\" class=\"size-mh-magazine-lite-content wp-image-1090\" \/><p id=\"caption-attachment-1090\" class=\"wp-caption-text\">La calidez de los colores invita a la participaci\u00f3n en el dojan, la presencia de los deportistas frente a las mesas constituidas por los jueces.<\/p><\/div>\n<div id=\"attachment_1091\" style=\"width: 688px\" class=\"wp-caption aligncenter\"><img loading=\"lazy\" decoding=\"async\" aria-describedby=\"caption-attachment-1091\" src=\"http:\/\/dalmadaesa.cl\/wp-content\/uploads\/2020\/07\/Foto_11-1-678x381.jpg\" alt=\"\" width=\"678\" height=\"381\" class=\"size-mh-magazine-lite-content wp-image-1091\" srcset=\"https:\/\/dalmadaesa.cl\/wp-content\/uploads\/2020\/07\/Foto_11-1-678x381.jpg 678w, https:\/\/dalmadaesa.cl\/wp-content\/uploads\/2020\/07\/Foto_11-1-300x169.jpg 300w, https:\/\/dalmadaesa.cl\/wp-content\/uploads\/2020\/07\/Foto_11-1-768x432.jpg 768w, https:\/\/dalmadaesa.cl\/wp-content\/uploads\/2020\/07\/Foto_11-1.jpg 960w\" sizes=\"auto, (max-width: 678px) 100vw, 678px\" \/><p id=\"caption-attachment-1091\" class=\"wp-caption-text\">En momentos en que el p\u00fablico espera en las grader\u00edas, la juventud sonr\u00ede antes de entrar a escena.<\/p><\/div>\n<div id=\"attachment_1088\" style=\"width: 688px\" class=\"wp-caption aligncenter\"><img loading=\"lazy\" decoding=\"async\" aria-describedby=\"caption-attachment-1088\" src=\"http:\/\/dalmadaesa.cl\/wp-content\/uploads\/2020\/07\/Foto_08-1-678x381.jpg\" alt=\"\" width=\"678\" height=\"381\" class=\"size-mh-magazine-lite-content wp-image-1088\" \/><p id=\"caption-attachment-1088\" class=\"wp-caption-text\">El equipo de la DalmaDaesa compuesto por los deportistas y sus acompa\u00f1antes, desde grandes hasta los m\u00e1s peque\u00f1os.<\/p><\/div>\n<div id=\"attachment_1086\" style=\"width: 572px\" class=\"wp-caption aligncenter\"><img loading=\"lazy\" decoding=\"async\" aria-describedby=\"caption-attachment-1086\" src=\"http:\/\/dalmadaesa.cl\/wp-content\/uploads\/2020\/07\/Foto_06-1.jpg\" alt=\"\" width=\"562\" height=\"330\" class=\"size-full wp-image-1086\" srcset=\"https:\/\/dalmadaesa.cl\/wp-content\/uploads\/2020\/07\/Foto_06-1.jpg 562w, https:\/\/dalmadaesa.cl\/wp-content\/uploads\/2020\/07\/Foto_06-1-300x176.jpg 300w\" sizes=\"auto, (max-width: 562px) 100vw, 562px\" \/><p id=\"caption-attachment-1086\" class=\"wp-caption-text\">Acompa\u00f1ados de la familia los chilenos de DalmaDaesa posan con su merecida medalla.<\/p><\/div>\n<div id=\"attachment_1087\" style=\"width: 688px\" class=\"wp-caption aligncenter\"><img loading=\"lazy\" decoding=\"async\" aria-describedby=\"caption-attachment-1087\" src=\"http:\/\/dalmadaesa.cl\/wp-content\/uploads\/2020\/07\/Foto_07-678x381.jpg\" alt=\"\" width=\"678\" height=\"381\" class=\"size-mh-magazine-lite-content wp-image-1087\" \/><p id=\"caption-attachment-1087\" class=\"wp-caption-text\">El equipo chileno posando junto al equipo brasile\u00f1o.<\/p><\/div>\n","protected":false},"excerpt":{"rendered":"<p>En la ciudad de Sao Paulo, Brasil, una de las m\u00e1s pobladas de Sudam\u00e9rica y del mundo, se realiz\u00f3 el Campeonato Internacional \u00abBrazil Games Taekwondo Festival\u00bb y 2\u00b0 Copa Kukkiwon, entre los d\u00edas 30 de junio y el 3 de julio de 2016. Organizado por Clube Desportivo Liberdade (Academia Liberdade) con el respaldo de Kukkiwon&hellip; <br \/> <a class=\"read-more\" href=\"https:\/\/dalmadaesa.cl\/?p=1093\">Leer m\u00e1s<\/a><\/p>\n","protected":false},"author":6,"featured_media":1092,"comment_status":"closed","ping_status":"open","sticky":false,"template":"","format":"standard","meta":{"footnotes":""},"categories":[1],"tags":[],"class_list":["post-1093","post","type-post","status-publish","format-standard","has-post-thumbnail","hentry","category-general"],"_links":{"self":[{"href":"https:\/\/dalmadaesa.cl\/index.php?rest_route=\/wp\/v2\/posts\/1093","targetHints":{"allow":["GET"]}}],"collection":[{"href":"https:\/\/dalmadaesa.cl\/index.php?rest_route=\/wp\/v2\/posts"}],"about":[{"href":"https:\/\/dalmadaesa.cl\/index.php?rest_route=\/wp\/v2\/types\/post"}],"author":[{"embeddable":true,"href":"https:\/\/dalmadaesa.cl\/index.php?rest_route=\/wp\/v2\/users\/6"}],"replies":[{"embeddable":true,"href":"https:\/\/dalmadaesa.cl\/index.php?rest_route=%2Fwp%2Fv2%2Fcomments&post=1093"}],"version-history":[{"count":1,"href":"https:\/\/dalmadaesa.cl\/index.php?rest_route=\/wp\/v2\/posts\/1093\/revisions"}],"predecessor-version":[{"id":1094,"href":"https:\/\/dalmadaesa.cl\/index.php?rest_route=\/wp\/v2\/posts\/1093\/revisions\/1094"}],"wp:featuredmedia":[{"embeddable":true,"href":"https:\/\/dalmadaesa.cl\/index.php?rest_route=\/wp\/v2\/media\/1092"}],"wp:attachment":[{"href":"https:\/\/dalmadaesa.cl\/index.php?rest_route=%2Fwp%2Fv2%2Fmedia&parent=1093"}],"wp:term":[{"taxonomy":"category","embeddable":true,"href":"https:\/\/dalmadaesa.cl\/index.php?rest_route=%2Fwp%2Fv2%2Fcategories&post=1093"},{"taxonomy":"post_tag","embeddable":true,"href":"https:\/\/dalmadaesa.cl\/index.php?rest_route=%2Fwp%2Fv2%2Ftags&post=1093"}],"curies":[{"name":"wp","href":"https:\/\/api.w.org\/{rel}","templated":true}]}}