{"id":1100,"date":"2016-12-04T00:45:08","date_gmt":"2016-12-04T00:45:08","guid":{"rendered":"http:\/\/dalmadaesa.cl\/?p=1100"},"modified":"2020-08-11T02:20:12","modified_gmt":"2020-08-11T02:20:12","slug":"campeonato-escolar-copa-europa-2016","status":"publish","type":"post","link":"https:\/\/dalmadaesa.cl\/?p=1100","title":{"rendered":"Campeonato Escolar \u00abCopa Europa\u00bb 2016"},"content":{"rendered":"<div id=\"attachment_1110\" style=\"width: 210px\" class=\"wp-caption aligncenter\"><img loading=\"lazy\" decoding=\"async\" aria-describedby=\"caption-attachment-1110\" src=\"http:\/\/dalmadaesa.cl\/wp-content\/uploads\/2020\/08\/Foto_200_B.jpg\" alt=\"\" width=\"200\" height=\"179\" class=\"size-full wp-image-1110\" \/><p id=\"caption-attachment-1110\" class=\"wp-caption-text\">En la imagen Sabonim Rafael refiriendo palabras sobre la importancia del Campeonato Escolar Copa Europa.<\/p><\/div>\n<p style=\"text-align: justify;\">El d\u00eda 3 de diciembre, se llev\u00f3 a cabo el Campeonato Escolar \u00abCopa Europa\u00bb 2016, realizado en el colegio Almenar del Maipo, establecimiento ubicado en la entrada del caj\u00f3n del Maipo, por donde fluyen las aguas del Rio Maipo. As\u00ed tambi\u00e9n fluy\u00f3 el certamen, logrando una buena jornada animada por la participaci\u00f3n de los j\u00f3venes deportitas.<\/p>\n<div id=\"attachment_1101\" style=\"width: 650px\" class=\"wp-caption aligncenter\"><img loading=\"lazy\" decoding=\"async\" aria-describedby=\"caption-attachment-1101\" src=\"http:\/\/dalmadaesa.cl\/wp-content\/uploads\/2020\/08\/Foto_01-1-640x381.jpg\" alt=\"\" width=\"640\" height=\"381\" class=\"size-mh-magazine-lite-content wp-image-1101\" \/><p id=\"caption-attachment-1101\" class=\"wp-caption-text\">Combatiendo desde la mas tierna infancia.<\/p><\/div>\n<div id=\"attachment_1102\" style=\"width: 650px\" class=\"wp-caption aligncenter\"><img loading=\"lazy\" decoding=\"async\" aria-describedby=\"caption-attachment-1102\" src=\"http:\/\/dalmadaesa.cl\/wp-content\/uploads\/2020\/08\/Foto_02-640x381.jpg\" alt=\"\" width=\"640\" height=\"381\" class=\"size-mh-magazine-lite-content wp-image-1102\" \/><p id=\"caption-attachment-1102\" class=\"wp-caption-text\">Formaci\u00f3n de los j\u00f3venes taekwondistas frente a las palabras de sus instructoras.<\/p><\/div>\n<div id=\"attachment_1103\" style=\"width: 650px\" class=\"wp-caption aligncenter\"><img loading=\"lazy\" decoding=\"async\" aria-describedby=\"caption-attachment-1103\" src=\"http:\/\/dalmadaesa.cl\/wp-content\/uploads\/2020\/08\/Foto_03-640x381.jpg\" alt=\"\" width=\"640\" height=\"381\" class=\"size-mh-magazine-lite-content wp-image-1103\" \/><p id=\"caption-attachment-1103\" class=\"wp-caption-text\">Cintur\u00f3n punta amarilla, ya en los inicios del camino se logran medallas, posando junto a sus instructores.<\/p><\/div>\n<div id=\"attachment_1104\" style=\"width: 650px\" class=\"wp-caption aligncenter\"><img loading=\"lazy\" decoding=\"async\" aria-describedby=\"caption-attachment-1104\" src=\"http:\/\/dalmadaesa.cl\/wp-content\/uploads\/2020\/08\/Foto_04.jpg\" alt=\"\" width=\"640\" height=\"116\" class=\"size-full wp-image-1104\" srcset=\"https:\/\/dalmadaesa.cl\/wp-content\/uploads\/2020\/08\/Foto_04.jpg 640w, https:\/\/dalmadaesa.cl\/wp-content\/uploads\/2020\/08\/Foto_04-300x54.jpg 300w\" sizes=\"auto, (max-width: 640px) 100vw, 640px\" \/><p id=\"caption-attachment-1104\" class=\"wp-caption-text\">Visi\u00f3n panor\u00e1mica del Campeonato Escolar \u00abCopa Europa\u00bb 2016.<\/p><\/div>\n<div id=\"attachment_1105\" style=\"width: 650px\" class=\"wp-caption aligncenter\"><img loading=\"lazy\" decoding=\"async\" aria-describedby=\"caption-attachment-1105\" src=\"http:\/\/dalmadaesa.cl\/wp-content\/uploads\/2020\/08\/Foto_05.jpg\" alt=\"\" width=\"640\" height=\"349\" class=\"size-full wp-image-1105\" srcset=\"https:\/\/dalmadaesa.cl\/wp-content\/uploads\/2020\/08\/Foto_05.jpg 640w, https:\/\/dalmadaesa.cl\/wp-content\/uploads\/2020\/08\/Foto_05-300x164.jpg 300w\" sizes=\"auto, (max-width: 640px) 100vw, 640px\" \/><p id=\"caption-attachment-1105\" class=\"wp-caption-text\">Momento en que los jueces declaran su veredicto.<\/p><\/div>\n<div id=\"attachment_1106\" style=\"width: 650px\" class=\"wp-caption aligncenter\"><img loading=\"lazy\" decoding=\"async\" aria-describedby=\"caption-attachment-1106\" src=\"http:\/\/dalmadaesa.cl\/wp-content\/uploads\/2020\/08\/Foto_06.jpg\" alt=\"\" width=\"640\" height=\"307\" class=\"size-full wp-image-1106\" srcset=\"https:\/\/dalmadaesa.cl\/wp-content\/uploads\/2020\/08\/Foto_06.jpg 640w, https:\/\/dalmadaesa.cl\/wp-content\/uploads\/2020\/08\/Foto_06-300x144.jpg 300w\" sizes=\"auto, (max-width: 640px) 100vw, 640px\" \/><p id=\"caption-attachment-1106\" class=\"wp-caption-text\">J\u00f3venes taekwondistas en competencia de formas, poomse.<\/p><\/div>\n<div id=\"attachment_1107\" style=\"width: 650px\" class=\"wp-caption aligncenter\"><img loading=\"lazy\" decoding=\"async\" aria-describedby=\"caption-attachment-1107\" src=\"http:\/\/dalmadaesa.cl\/wp-content\/uploads\/2020\/08\/Foto_07.jpg\" alt=\"\" width=\"640\" height=\"328\" class=\"size-full wp-image-1107\" srcset=\"https:\/\/dalmadaesa.cl\/wp-content\/uploads\/2020\/08\/Foto_07.jpg 640w, https:\/\/dalmadaesa.cl\/wp-content\/uploads\/2020\/08\/Foto_07-300x154.jpg 300w\" sizes=\"auto, (max-width: 640px) 100vw, 640px\" \/><p id=\"caption-attachment-1107\" class=\"wp-caption-text\">Formaci\u00f3n por categor\u00edas de color.<\/p><\/div>\n<div id=\"attachment_1108\" style=\"width: 650px\" class=\"wp-caption aligncenter\"><img loading=\"lazy\" decoding=\"async\" aria-describedby=\"caption-attachment-1108\" src=\"http:\/\/dalmadaesa.cl\/wp-content\/uploads\/2020\/08\/Foto_08-640x381.jpg\" alt=\"\" width=\"640\" height=\"381\" class=\"size-mh-magazine-lite-content wp-image-1108\" \/><p id=\"caption-attachment-1108\" class=\"wp-caption-text\">La presencia de la Param\u00e9dico Denisse, siempre otorgando seguridad en los torneos.<\/p><\/div>\n<div id=\"attachment_1109\" style=\"width: 650px\" class=\"wp-caption aligncenter\"><img loading=\"lazy\" decoding=\"async\" aria-describedby=\"caption-attachment-1109\" src=\"http:\/\/dalmadaesa.cl\/wp-content\/uploads\/2020\/08\/Foto_09.jpg\" alt=\"\" width=\"640\" height=\"314\" class=\"size-full wp-image-1109\" srcset=\"https:\/\/dalmadaesa.cl\/wp-content\/uploads\/2020\/08\/Foto_09.jpg 640w, https:\/\/dalmadaesa.cl\/wp-content\/uploads\/2020\/08\/Foto_09-300x147.jpg 300w\" sizes=\"auto, (max-width: 640px) 100vw, 640px\" \/><p id=\"caption-attachment-1109\" class=\"wp-caption-text\">Momento en plena competencia de formas Poomse en el dojan.<\/p><\/div>\n<p style=\"text-align: justify;\">Estadio Banco de Chile<br \/>\nCampeonato de car\u00e1cter Pedag\u00f3gico formativo<br \/>\nIniciaci\u00f3n deportiva para categor\u00edas escolares<\/p>\n","protected":false},"excerpt":{"rendered":"<p>El d\u00eda 3 de diciembre, se llev\u00f3 a cabo el Campeonato Escolar \u00abCopa Europa\u00bb 2016, realizado en el colegio Almenar del Maipo, establecimiento ubicado en la entrada del caj\u00f3n del Maipo, por donde fluyen las aguas del Rio Maipo. As\u00ed tambi\u00e9n fluy\u00f3 el certamen, logrando una buena jornada animada por la participaci\u00f3n de los j\u00f3venes&hellip; <br \/> <a class=\"read-more\" href=\"https:\/\/dalmadaesa.cl\/?p=1100\">Leer m\u00e1s<\/a><\/p>\n","protected":false},"author":6,"featured_media":1110,"comment_status":"closed","ping_status":"open","sticky":false,"template":"","format":"standard","meta":{"footnotes":""},"categories":[1],"tags":[],"class_list":["post-1100","post","type-post","status-publish","format-standard","has-post-thumbnail","hentry","category-general"],"_links":{"self":[{"href":"https:\/\/dalmadaesa.cl\/index.php?rest_route=\/wp\/v2\/posts\/1100","targetHints":{"allow":["GET"]}}],"collection":[{"href":"https:\/\/dalmadaesa.cl\/index.php?rest_route=\/wp\/v2\/posts"}],"about":[{"href":"https:\/\/dalmadaesa.cl\/index.php?rest_route=\/wp\/v2\/types\/post"}],"author":[{"embeddable":true,"href":"https:\/\/dalmadaesa.cl\/index.php?rest_route=\/wp\/v2\/users\/6"}],"replies":[{"embeddable":true,"href":"https:\/\/dalmadaesa.cl\/index.php?rest_route=%2Fwp%2Fv2%2Fcomments&post=1100"}],"version-history":[{"count":0,"href":"https:\/\/dalmadaesa.cl\/index.php?rest_route=\/wp\/v2\/posts\/1100\/revisions"}],"wp:featuredmedia":[{"embeddable":true,"href":"https:\/\/dalmadaesa.cl\/index.php?rest_route=\/wp\/v2\/media\/1110"}],"wp:attachment":[{"href":"https:\/\/dalmadaesa.cl\/index.php?rest_route=%2Fwp%2Fv2%2Fmedia&parent=1100"}],"wp:term":[{"taxonomy":"category","embeddable":true,"href":"https:\/\/dalmadaesa.cl\/index.php?rest_route=%2Fwp%2Fv2%2Fcategories&post=1100"},{"taxonomy":"post_tag","embeddable":true,"href":"https:\/\/dalmadaesa.cl\/index.php?rest_route=%2Fwp%2Fv2%2Ftags&post=1100"}],"curies":[{"name":"wp","href":"https:\/\/api.w.org\/{rel}","templated":true}]}}