{"id":111,"date":"2011-03-30T16:33:11","date_gmt":"2011-03-30T16:33:11","guid":{"rendered":"http:\/\/dalmadaesa.cl\/?p=111"},"modified":"2011-06-13T16:04:58","modified_gmt":"2011-06-13T16:04:58","slug":"representante-de-dalma-daesa-a-proximo-panamericano-guadalajara-2011","status":"publish","type":"post","link":"https:\/\/dalmadaesa.cl\/?p=111","title":{"rendered":"Representante de Dalma Daesa a proximo Panamericano Guadalajara 2011"},"content":{"rendered":"<div><span style=\"color: #000000;\">\u00c2\u00a0<\/span>Una destacada participacion de nuestro presidente asociativo en el deporte profesional a nivel regional a tenido como consecuencia un cupo y\u00c2\u00a0 representacion en el proximo Panamericano Guadalajara 2011.\u00c2\u00a0 Felicitaciones.<!--more--><\/div>\n<div id=\"attachment_113\" style=\"width: 280px\" class=\"wp-caption aligncenter\"><a href=\"http:\/\/dalmadaesa.cl\/wp-content\/uploads\/2011\/03\/peru09.jpg\"><img loading=\"lazy\" decoding=\"async\" aria-describedby=\"caption-attachment-113\" class=\"size-medium wp-image-113  \" title=\"peru09\" src=\"http:\/\/dalmadaesa.cl\/wp-content\/uploads\/2011\/03\/peru09-300x164.jpg\" alt=\"\" width=\"270\" height=\"148\" srcset=\"https:\/\/dalmadaesa.cl\/wp-content\/uploads\/2011\/03\/peru09-300x164.jpg 300w, https:\/\/dalmadaesa.cl\/wp-content\/uploads\/2011\/03\/peru09.jpg 600w\" sizes=\"auto, (max-width: 270px) 100vw, 270px\" \/><\/a><p id=\"caption-attachment-113\" class=\"wp-caption-text\">Seleccion Nacional Lima, Peru 2011<\/p><\/div>\n<p><em><span style=\"color: #000000;\">\u00c2\u00a0<\/span><\/em><\/p>\n<p><em><span style=\"color: #000000;\">\u00c2\u00a0<\/span><\/em><em><span style=\"color: #000000;\">CHILE CLASIFICA A CUATRO<\/span><span style=\"color: #000000;\">COMPETIDORES PARA PANAMERICANO 2011<\/span><\/em><\/p>\n<div><em><span style=\"color: #000000;\">\u00c2\u00a0<\/span><\/em><\/div>\n<div><em><span style=\"color: #000000;\">\u00abEn el Continental Clasificatorio que se desarroll\u00f3 en Lima, el cuadro dirigido por el entrenador nacional Felipe Soto logr\u00f3 nada menos que cuatro cupos: Mar\u00cd\u00ada Jos\u00e9 Jara (57 kilos); Catalina Fierro (67 kilos); Mario Guerra (68 kilos) y <strong>Cristhian Barcel\u00f3 (80 kilos). <\/strong>Todos ellos, lograron ubicarse entre los 12 especialistas de cada categor\u00cd\u00ada de peso que estar\u00e1n en la cancha de Jalisco en octubre venidero\u00bb. (Ref WTF Chile)<\/span><\/em><\/div>\n<div><em>\u00c2\u00a0<\/em><\/div>\n<div><em><\/em><\/div>\n<p><em><\/p>\n<div id=\"attachment_114\" style=\"width: 310px\" class=\"wp-caption aligncenter\"><a href=\"http:\/\/dalmadaesa.cl\/wp-content\/uploads\/2011\/03\/peru08.jpg\"><img loading=\"lazy\" decoding=\"async\" aria-describedby=\"caption-attachment-114\" class=\"size-medium wp-image-114\" title=\"peru08\" src=\"http:\/\/dalmadaesa.cl\/wp-content\/uploads\/2011\/03\/peru08-300x175.jpg\" alt=\"\" width=\"300\" height=\"175\" srcset=\"https:\/\/dalmadaesa.cl\/wp-content\/uploads\/2011\/03\/peru08-300x175.jpg 300w, https:\/\/dalmadaesa.cl\/wp-content\/uploads\/2011\/03\/peru08.jpg 500w\" sizes=\"auto, (max-width: 300px) 100vw, 300px\" \/><\/a><p id=\"caption-attachment-114\" class=\"wp-caption-text\">Clasificados Panamericanos Guadalajara 2011<\/p><\/div>\n<p>\u00c2\u00a0<\/p>\n<p><\/em><\/p>\n<p>Links asociados:<\/p>\n<p>1) Articulo de el diario el Triunfo. <a href=\"http:\/\/www.triunfo.cl\/taekwondo-chile-consigue-ineditos-cuatro-cupos-para-guadalajara-2011\/deportes\/2011-03-27\/122154.html\">http:\/\/www.triunfo.cl\/taekwondo-chile-consigue-ineditos-cuatro-cupos-para-guadalajara-2011\/deportes\/2011-03-27\/122154.html<\/a><\/p>\n<p>2) Noticia en ADO Chile <a href=\"http:\/\/www.adochile.cl\/noticias.php?id=293\">http:\/\/www.adochile.cl\/noticias.php?id=293<\/a><\/p>\n","protected":false},"excerpt":{"rendered":"<p>\u00c2\u00a0Una destacada participacion de nuestro presidente asociativo en el deporte profesional a nivel regional a tenido como consecuencia un cupo y\u00c2\u00a0 representacion en el proximo Panamericano Guadalajara 2011.\u00c2\u00a0 Felicitaciones.<\/p>\n","protected":false},"author":2,"featured_media":0,"comment_status":"open","ping_status":"open","sticky":false,"template":"","format":"standard","meta":{"footnotes":""},"categories":[7],"tags":[],"class_list":["post-111","post","type-post","status-publish","format-standard","hentry","category-noticias"],"_links":{"self":[{"href":"https:\/\/dalmadaesa.cl\/index.php?rest_route=\/wp\/v2\/posts\/111","targetHints":{"allow":["GET"]}}],"collection":[{"href":"https:\/\/dalmadaesa.cl\/index.php?rest_route=\/wp\/v2\/posts"}],"about":[{"href":"https:\/\/dalmadaesa.cl\/index.php?rest_route=\/wp\/v2\/types\/post"}],"author":[{"embeddable":true,"href":"https:\/\/dalmadaesa.cl\/index.php?rest_route=\/wp\/v2\/users\/2"}],"replies":[{"embeddable":true,"href":"https:\/\/dalmadaesa.cl\/index.php?rest_route=%2Fwp%2Fv2%2Fcomments&post=111"}],"version-history":[{"count":1,"href":"https:\/\/dalmadaesa.cl\/index.php?rest_route=\/wp\/v2\/posts\/111\/revisions"}],"predecessor-version":[{"id":115,"href":"https:\/\/dalmadaesa.cl\/index.php?rest_route=\/wp\/v2\/posts\/111\/revisions\/115"}],"wp:attachment":[{"href":"https:\/\/dalmadaesa.cl\/index.php?rest_route=%2Fwp%2Fv2%2Fmedia&parent=111"}],"wp:term":[{"taxonomy":"category","embeddable":true,"href":"https:\/\/dalmadaesa.cl\/index.php?rest_route=%2Fwp%2Fv2%2Fcategories&post=111"},{"taxonomy":"post_tag","embeddable":true,"href":"https:\/\/dalmadaesa.cl\/index.php?rest_route=%2Fwp%2Fv2%2Ftags&post=111"}],"curies":[{"name":"wp","href":"https:\/\/api.w.org\/{rel}","templated":true}]}}