{"id":1119,"date":"2016-10-10T12:00:00","date_gmt":"2016-10-10T12:00:00","guid":{"rendered":"http:\/\/dalmadaesa.cl\/?p=1119"},"modified":"2020-08-11T02:20:12","modified_gmt":"2020-08-11T02:20:12","slug":"campeonato-internacional-taekwondo-open-chile","status":"publish","type":"post","link":"https:\/\/dalmadaesa.cl\/?p=1119","title":{"rendered":"Campeonato Internacional \u00abTaekwondo Open Chile\u00bb"},"content":{"rendered":"<div id=\"attachment_1132\" style=\"width: 210px\" class=\"wp-caption aligncenter\"><img loading=\"lazy\" decoding=\"async\" aria-describedby=\"caption-attachment-1132\" src=\"http:\/\/dalmadaesa.cl\/wp-content\/uploads\/2020\/08\/Foto_200.jpg\" alt=\"\" width=\"200\" height=\"200\" class=\"size-full wp-image-1132\" srcset=\"https:\/\/dalmadaesa.cl\/wp-content\/uploads\/2020\/08\/Foto_200.jpg 200w, https:\/\/dalmadaesa.cl\/wp-content\/uploads\/2020\/08\/Foto_200-150x150.jpg 150w\" sizes=\"auto, (max-width: 200px) 100vw, 200px\" \/><p id=\"caption-attachment-1132\" class=\"wp-caption-text\">La participaci\u00f3n de escuelas de distintos pa\u00edses del continente.<\/p><\/div>\n<p style=\"text-align: justify;\">Al igual que el a\u00f1o pasado en \u201cLa Joya del Pac\u00edfico\u201d, el puerto de Valpara\u00edso, y actual Patrimonio de la Humanidad, se llev\u00f3 a cabo el Campeonato Internacional \u00abTaekwondo Open Chile\u00bb, organizado por el Gran Maestro Oscar C\u00f3rdova, de la Asociaci\u00f3n Valpara\u00edso y de la escuela Choo Nam Soo, ambas de esta ciudad puerto. Realizado este a\u00f1o entre los d\u00edas 8 al 9 de octubre en el Fortin Prat, estadio techado que se ubica en el coraz\u00f3n del barrio Almendral. Sus or\u00edgenes se remontan a 1944 cuando era una cancha asfaltada, inaugurada por el presidente de la \u00e9poca don Juan Antonio R\u00edos, y posteriormente en la d\u00e9cada de los \u201960 ser\u00eda techada.<\/p>\n<div id=\"attachment_1120\" style=\"width: 650px\" class=\"wp-caption aligncenter\"><img loading=\"lazy\" decoding=\"async\" aria-describedby=\"caption-attachment-1120\" src=\"http:\/\/dalmadaesa.cl\/wp-content\/uploads\/2020\/08\/foto_01.jpg\" alt=\"\" width=\"640\" height=\"941\" class=\"size-full wp-image-1120\" srcset=\"https:\/\/dalmadaesa.cl\/wp-content\/uploads\/2020\/08\/foto_01.jpg 640w, https:\/\/dalmadaesa.cl\/wp-content\/uploads\/2020\/08\/foto_01-204x300.jpg 204w\" sizes=\"auto, (max-width: 640px) 100vw, 640px\" \/><p id=\"caption-attachment-1120\" class=\"wp-caption-text\">Afiche del encuentro donde se expresa gr\u00e1ficamente la dial\u00e9ctica entre el fuego y el agua.<\/p><\/div>\n<div id=\"attachment_1121\" style=\"width: 650px\" class=\"wp-caption aligncenter\"><img loading=\"lazy\" decoding=\"async\" aria-describedby=\"caption-attachment-1121\" src=\"http:\/\/dalmadaesa.cl\/wp-content\/uploads\/2020\/08\/foto_02-1.jpg\" alt=\"\" width=\"640\" height=\"480\" class=\"size-full wp-image-1121\" srcset=\"https:\/\/dalmadaesa.cl\/wp-content\/uploads\/2020\/08\/foto_02-1.jpg 640w, https:\/\/dalmadaesa.cl\/wp-content\/uploads\/2020\/08\/foto_02-1-300x225.jpg 300w, https:\/\/dalmadaesa.cl\/wp-content\/uploads\/2020\/08\/foto_02-1-326x245.jpg 326w, https:\/\/dalmadaesa.cl\/wp-content\/uploads\/2020\/08\/foto_02-1-80x60.jpg 80w\" sizes=\"auto, (max-width: 640px) 100vw, 640px\" \/><p id=\"caption-attachment-1121\" class=\"wp-caption-text\">Momento de saludo de todas las escuelas.<\/p><\/div>\n<div id=\"attachment_1122\" style=\"width: 650px\" class=\"wp-caption aligncenter\"><img loading=\"lazy\" decoding=\"async\" aria-describedby=\"caption-attachment-1122\" src=\"http:\/\/dalmadaesa.cl\/wp-content\/uploads\/2020\/08\/foto_03-1.jpg\" alt=\"\" width=\"640\" height=\"448\" class=\"size-full wp-image-1122\" srcset=\"https:\/\/dalmadaesa.cl\/wp-content\/uploads\/2020\/08\/foto_03-1.jpg 640w, https:\/\/dalmadaesa.cl\/wp-content\/uploads\/2020\/08\/foto_03-1-300x210.jpg 300w\" sizes=\"auto, (max-width: 640px) 100vw, 640px\" \/><p id=\"caption-attachment-1122\" class=\"wp-caption-text\">El deporte genera endorfinas y estos instructores taekwondistas asi lo confirman.<\/p><\/div>\n<div id=\"attachment_1123\" style=\"width: 650px\" class=\"wp-caption aligncenter\"><img loading=\"lazy\" decoding=\"async\" aria-describedby=\"caption-attachment-1123\" src=\"http:\/\/dalmadaesa.cl\/wp-content\/uploads\/2020\/08\/foto_04-1.jpg\" alt=\"\" width=\"640\" height=\"480\" class=\"size-full wp-image-1123\" srcset=\"https:\/\/dalmadaesa.cl\/wp-content\/uploads\/2020\/08\/foto_04-1.jpg 640w, https:\/\/dalmadaesa.cl\/wp-content\/uploads\/2020\/08\/foto_04-1-300x225.jpg 300w, https:\/\/dalmadaesa.cl\/wp-content\/uploads\/2020\/08\/foto_04-1-326x245.jpg 326w, https:\/\/dalmadaesa.cl\/wp-content\/uploads\/2020\/08\/foto_04-1-80x60.jpg 80w\" sizes=\"auto, (max-width: 640px) 100vw, 640px\" \/><p id=\"caption-attachment-1123\" class=\"wp-caption-text\">Solemnes palabras.<\/p><\/div>\n<div id=\"attachment_1124\" style=\"width: 650px\" class=\"wp-caption aligncenter\"><img loading=\"lazy\" decoding=\"async\" aria-describedby=\"caption-attachment-1124\" src=\"http:\/\/dalmadaesa.cl\/wp-content\/uploads\/2020\/08\/foto_07.jpg\" alt=\"\" width=\"640\" height=\"480\" class=\"size-full wp-image-1124\" srcset=\"https:\/\/dalmadaesa.cl\/wp-content\/uploads\/2020\/08\/foto_07.jpg 640w, https:\/\/dalmadaesa.cl\/wp-content\/uploads\/2020\/08\/foto_07-300x225.jpg 300w, https:\/\/dalmadaesa.cl\/wp-content\/uploads\/2020\/08\/foto_07-326x245.jpg 326w, https:\/\/dalmadaesa.cl\/wp-content\/uploads\/2020\/08\/foto_07-80x60.jpg 80w\" sizes=\"auto, (max-width: 640px) 100vw, 640px\" \/><p id=\"caption-attachment-1124\" class=\"wp-caption-text\">El equipo Dalma Daesa, otro equipo chileno presente en el certamen.<\/p><\/div>\n<div id=\"attachment_1125\" style=\"width: 650px\" class=\"wp-caption aligncenter\"><img loading=\"lazy\" decoding=\"async\" aria-describedby=\"caption-attachment-1125\" src=\"http:\/\/dalmadaesa.cl\/wp-content\/uploads\/2020\/08\/foto_08.jpg\" alt=\"\" width=\"640\" height=\"498\" class=\"size-full wp-image-1125\" srcset=\"https:\/\/dalmadaesa.cl\/wp-content\/uploads\/2020\/08\/foto_08.jpg 640w, https:\/\/dalmadaesa.cl\/wp-content\/uploads\/2020\/08\/foto_08-300x233.jpg 300w\" sizes=\"auto, (max-width: 640px) 100vw, 640px\" \/><p id=\"caption-attachment-1125\" class=\"wp-caption-text\">El equipo Dalma Daesa con su instructor Sabonim Rafael Santos.<\/p><\/div>\n<div id=\"attachment_1126\" style=\"width: 650px\" class=\"wp-caption aligncenter\"><img loading=\"lazy\" decoding=\"async\" aria-describedby=\"caption-attachment-1126\" src=\"http:\/\/dalmadaesa.cl\/wp-content\/uploads\/2020\/08\/foto_09.jpg\" alt=\"\" width=\"640\" height=\"480\" class=\"size-full wp-image-1126\" srcset=\"https:\/\/dalmadaesa.cl\/wp-content\/uploads\/2020\/08\/foto_09.jpg 640w, https:\/\/dalmadaesa.cl\/wp-content\/uploads\/2020\/08\/foto_09-300x225.jpg 300w, https:\/\/dalmadaesa.cl\/wp-content\/uploads\/2020\/08\/foto_09-326x245.jpg 326w, https:\/\/dalmadaesa.cl\/wp-content\/uploads\/2020\/08\/foto_09-80x60.jpg 80w\" sizes=\"auto, (max-width: 640px) 100vw, 640px\" \/><p id=\"caption-attachment-1126\" class=\"wp-caption-text\">La muestra de distintas escuelas que asistieron representando a sus pa\u00edses en la cual se observa la participaci\u00f3n de j\u00f3venes y ni\u00f1os.<\/p><\/div>\n<div id=\"attachment_1127\" style=\"width: 524px\" class=\"wp-caption aligncenter\"><img loading=\"lazy\" decoding=\"async\" aria-describedby=\"caption-attachment-1127\" src=\"http:\/\/dalmadaesa.cl\/wp-content\/uploads\/2020\/08\/foto_10.jpg\" alt=\"\" width=\"514\" height=\"640\" class=\"size-full wp-image-1127\" srcset=\"https:\/\/dalmadaesa.cl\/wp-content\/uploads\/2020\/08\/foto_10.jpg 514w, https:\/\/dalmadaesa.cl\/wp-content\/uploads\/2020\/08\/foto_10-241x300.jpg 241w\" sizes=\"auto, (max-width: 514px) 100vw, 514px\" \/><p id=\"caption-attachment-1127\" class=\"wp-caption-text\">Subennim Juan Pablo Flores mostrando la medalla ganado con su esfuerzo y dedicaci\u00f3n.<\/p><\/div>\n<div id=\"attachment_1128\" style=\"width: 499px\" class=\"wp-caption aligncenter\"><img loading=\"lazy\" decoding=\"async\" aria-describedby=\"caption-attachment-1128\" src=\"http:\/\/dalmadaesa.cl\/wp-content\/uploads\/2020\/08\/foto_11.jpg\" alt=\"\" width=\"489\" height=\"640\" class=\"size-full wp-image-1128\" srcset=\"https:\/\/dalmadaesa.cl\/wp-content\/uploads\/2020\/08\/foto_11.jpg 489w, https:\/\/dalmadaesa.cl\/wp-content\/uploads\/2020\/08\/foto_11-229x300.jpg 229w\" sizes=\"auto, (max-width: 489px) 100vw, 489px\" \/><p id=\"caption-attachment-1128\" class=\"wp-caption-text\">\u00c1rbitro y competidor taekwondistas juntos felices tras el encuentro.<\/p><\/div>\n<div id=\"attachment_1129\" style=\"width: 419px\" class=\"wp-caption aligncenter\"><img loading=\"lazy\" decoding=\"async\" aria-describedby=\"caption-attachment-1129\" src=\"http:\/\/dalmadaesa.cl\/wp-content\/uploads\/2020\/08\/foto_15.jpg\" alt=\"\" width=\"409\" height=\"640\" class=\"size-full wp-image-1129\" srcset=\"https:\/\/dalmadaesa.cl\/wp-content\/uploads\/2020\/08\/foto_15.jpg 409w, https:\/\/dalmadaesa.cl\/wp-content\/uploads\/2020\/08\/foto_15-192x300.jpg 192w\" sizes=\"auto, (max-width: 409px) 100vw, 409px\" \/><p id=\"caption-attachment-1129\" class=\"wp-caption-text\">La copa del Campeonato Internacional Taekwondo Open Chile.<\/p><\/div>\n<div id=\"attachment_1130\" style=\"width: 425px\" class=\"wp-caption aligncenter\"><img loading=\"lazy\" decoding=\"async\" aria-describedby=\"caption-attachment-1130\" src=\"http:\/\/dalmadaesa.cl\/wp-content\/uploads\/2020\/08\/foto_16.jpg\" alt=\"\" width=\"415\" height=\"640\" class=\"size-full wp-image-1130\" srcset=\"https:\/\/dalmadaesa.cl\/wp-content\/uploads\/2020\/08\/foto_16.jpg 415w, https:\/\/dalmadaesa.cl\/wp-content\/uploads\/2020\/08\/foto_16-195x300.jpg 195w\" sizes=\"auto, (max-width: 415px) 100vw, 415px\" \/><p id=\"caption-attachment-1130\" class=\"wp-caption-text\">Kyosanim Mickel Olate posando con el s\u00edmbolo del triunfo obtenido por el esfuerzo y la dedicaci\u00f3n.<\/p><\/div>\n<div id=\"attachment_1131\" style=\"width: 515px\" class=\"wp-caption aligncenter\"><img loading=\"lazy\" decoding=\"async\" aria-describedby=\"caption-attachment-1131\" src=\"http:\/\/dalmadaesa.cl\/wp-content\/uploads\/2020\/08\/foto_17.jpg\" alt=\"\" width=\"505\" height=\"640\" class=\"size-full wp-image-1131\" srcset=\"https:\/\/dalmadaesa.cl\/wp-content\/uploads\/2020\/08\/foto_17.jpg 505w, https:\/\/dalmadaesa.cl\/wp-content\/uploads\/2020\/08\/foto_17-237x300.jpg 237w\" sizes=\"auto, (max-width: 505px) 100vw, 505px\" \/><p id=\"caption-attachment-1131\" class=\"wp-caption-text\">Sobre el dojan los taekwondistas de distintas \u00e9pocas.<\/p><\/div>\n","protected":false},"excerpt":{"rendered":"<p>Al igual que el a\u00f1o pasado en \u201cLa Joya del Pac\u00edfico\u201d, el puerto de Valpara\u00edso, y actual Patrimonio de la Humanidad, se llev\u00f3 a cabo el Campeonato Internacional \u00abTaekwondo Open Chile\u00bb, organizado por el Gran Maestro Oscar C\u00f3rdova, de la Asociaci\u00f3n Valpara\u00edso y de la escuela Choo Nam Soo, ambas de esta ciudad puerto. Realizado&hellip; <br \/> <a class=\"read-more\" href=\"https:\/\/dalmadaesa.cl\/?p=1119\">Leer m\u00e1s<\/a><\/p>\n","protected":false},"author":6,"featured_media":1132,"comment_status":"closed","ping_status":"open","sticky":false,"template":"","format":"standard","meta":{"footnotes":""},"categories":[1],"tags":[],"class_list":["post-1119","post","type-post","status-publish","format-standard","has-post-thumbnail","hentry","category-general"],"_links":{"self":[{"href":"https:\/\/dalmadaesa.cl\/index.php?rest_route=\/wp\/v2\/posts\/1119","targetHints":{"allow":["GET"]}}],"collection":[{"href":"https:\/\/dalmadaesa.cl\/index.php?rest_route=\/wp\/v2\/posts"}],"about":[{"href":"https:\/\/dalmadaesa.cl\/index.php?rest_route=\/wp\/v2\/types\/post"}],"author":[{"embeddable":true,"href":"https:\/\/dalmadaesa.cl\/index.php?rest_route=\/wp\/v2\/users\/6"}],"replies":[{"embeddable":true,"href":"https:\/\/dalmadaesa.cl\/index.php?rest_route=%2Fwp%2Fv2%2Fcomments&post=1119"}],"version-history":[{"count":0,"href":"https:\/\/dalmadaesa.cl\/index.php?rest_route=\/wp\/v2\/posts\/1119\/revisions"}],"wp:featuredmedia":[{"embeddable":true,"href":"https:\/\/dalmadaesa.cl\/index.php?rest_route=\/wp\/v2\/media\/1132"}],"wp:attachment":[{"href":"https:\/\/dalmadaesa.cl\/index.php?rest_route=%2Fwp%2Fv2%2Fmedia&parent=1119"}],"wp:term":[{"taxonomy":"category","embeddable":true,"href":"https:\/\/dalmadaesa.cl\/index.php?rest_route=%2Fwp%2Fv2%2Fcategories&post=1119"},{"taxonomy":"post_tag","embeddable":true,"href":"https:\/\/dalmadaesa.cl\/index.php?rest_route=%2Fwp%2Fv2%2Ftags&post=1119"}],"curies":[{"name":"wp","href":"https:\/\/api.w.org\/{rel}","templated":true}]}}