{"id":1157,"date":"2017-07-31T12:00:50","date_gmt":"2017-07-31T12:00:50","guid":{"rendered":"http:\/\/dalmadaesa.cl\/?p=1157"},"modified":"2020-08-27T02:24:30","modified_gmt":"2020-08-27T02:24:30","slug":"seminario-de-taekwondo-deportivo-federacion-paulista","status":"publish","type":"post","link":"https:\/\/dalmadaesa.cl\/?p=1157","title":{"rendered":"Seminario de Taekwondo Deportivo Federaci\u00f3n Paulista"},"content":{"rendered":"<p style=\"text-align: justify;\">En la ciudad de Sao Paulo, Brasil, una de las ciudades m\u00e1s pobladas de Sudam\u00e9rica y del mundo, con alrededor de 12 millones de habitantes, se realiz\u00f3 en el mes de julio, de 2017, el Seminario de Taekwondo Deportivo WT, Organizado por la Federaci\u00f3n Paulista de Taekwondo, en el cual hizo presencia nuestra escuela DalmaDaesa, con sus integrantes del equipo de adultos. El evento ocurri\u00f3 en la Academia Liberdade, centr\u00e1ndose en tem\u00e1ticas de combate deportivo.<\/p>\n<div id=\"attachment_1151\" style=\"width: 490px\" class=\"wp-caption aligncenter\"><img loading=\"lazy\" decoding=\"async\" aria-describedby=\"caption-attachment-1151\" src=\"http:\/\/dalmadaesa.cl\/wp-content\/uploads\/2020\/08\/Foto_01-2.jpg\" alt=\"\" width=\"480\" height=\"640\" class=\"size-full wp-image-1151\" srcset=\"https:\/\/dalmadaesa.cl\/wp-content\/uploads\/2020\/08\/Foto_01-2.jpg 480w, https:\/\/dalmadaesa.cl\/wp-content\/uploads\/2020\/08\/Foto_01-2-225x300.jpg 225w\" sizes=\"auto, (max-width: 480px) 100vw, 480px\" \/><p id=\"caption-attachment-1151\" class=\"wp-caption-text\">Sabonnim Rafael Santos junto a un destacado representante de la Academia Liberdade.<\/p><\/div>\n<div id=\"attachment_1152\" style=\"width: 456px\" class=\"wp-caption aligncenter\"><img loading=\"lazy\" decoding=\"async\" aria-describedby=\"caption-attachment-1152\" src=\"http:\/\/dalmadaesa.cl\/wp-content\/uploads\/2020\/08\/Foto_02-1.jpg\" alt=\"\" width=\"446\" height=\"640\" class=\"size-full wp-image-1152\" srcset=\"https:\/\/dalmadaesa.cl\/wp-content\/uploads\/2020\/08\/Foto_02-1.jpg 446w, https:\/\/dalmadaesa.cl\/wp-content\/uploads\/2020\/08\/Foto_02-1-209x300.jpg 209w\" sizes=\"auto, (max-width: 446px) 100vw, 446px\" \/><p id=\"caption-attachment-1152\" class=\"wp-caption-text\">El equipo de adultos de bajo el pend\u00f3n de la Academia Liberdade.<\/p><\/div>\n<div id=\"attachment_1153\" style=\"width: 650px\" class=\"wp-caption aligncenter\"><img loading=\"lazy\" decoding=\"async\" aria-describedby=\"caption-attachment-1153\" src=\"http:\/\/dalmadaesa.cl\/wp-content\/uploads\/2020\/08\/Foto_03-1.jpg\" alt=\"\" width=\"640\" height=\"469\" class=\"size-full wp-image-1153\" srcset=\"https:\/\/dalmadaesa.cl\/wp-content\/uploads\/2020\/08\/Foto_03-1.jpg 640w, https:\/\/dalmadaesa.cl\/wp-content\/uploads\/2020\/08\/Foto_03-1-300x220.jpg 300w, https:\/\/dalmadaesa.cl\/wp-content\/uploads\/2020\/08\/Foto_03-1-80x60.jpg 80w\" sizes=\"auto, (max-width: 640px) 100vw, 640px\" \/><p id=\"caption-attachment-1153\" class=\"wp-caption-text\">Representantes de la escuela DalmaDaesa.<\/p><\/div>\n<div id=\"attachment_1154\" style=\"width: 650px\" class=\"wp-caption aligncenter\"><img loading=\"lazy\" decoding=\"async\" aria-describedby=\"caption-attachment-1154\" src=\"http:\/\/dalmadaesa.cl\/wp-content\/uploads\/2020\/08\/Foto_04-1.jpg\" alt=\"\" width=\"640\" height=\"410\" class=\"size-full wp-image-1154\" srcset=\"https:\/\/dalmadaesa.cl\/wp-content\/uploads\/2020\/08\/Foto_04-1.jpg 640w, https:\/\/dalmadaesa.cl\/wp-content\/uploads\/2020\/08\/Foto_04-1-300x192.jpg 300w\" sizes=\"auto, (max-width: 640px) 100vw, 640px\" \/><p id=\"caption-attachment-1154\" class=\"wp-caption-text\">La mesa de instructores dirigiendo el seminario.<\/p><\/div>\n<div id=\"attachment_1155\" style=\"width: 650px\" class=\"wp-caption aligncenter\"><img loading=\"lazy\" decoding=\"async\" aria-describedby=\"caption-attachment-1155\" src=\"http:\/\/dalmadaesa.cl\/wp-content\/uploads\/2020\/08\/Foto_05-1.jpg\" alt=\"\" width=\"640\" height=\"365\" class=\"size-full wp-image-1155\" srcset=\"https:\/\/dalmadaesa.cl\/wp-content\/uploads\/2020\/08\/Foto_05-1.jpg 640w, https:\/\/dalmadaesa.cl\/wp-content\/uploads\/2020\/08\/Foto_05-1-300x171.jpg 300w\" sizes=\"auto, (max-width: 640px) 100vw, 640px\" \/><p id=\"caption-attachment-1155\" class=\"wp-caption-text\">El desarrolo de La ardua jornada del seminario.<\/p><\/div>\n","protected":false},"excerpt":{"rendered":"<p>En la ciudad de Sao Paulo, Brasil, una de las ciudades m\u00e1s pobladas de Sudam\u00e9rica y del mundo, con alrededor de 12 millones de habitantes, se realiz\u00f3 en el mes de julio, de 2017, el Seminario de Taekwondo Deportivo WT, Organizado por la Federaci\u00f3n Paulista de Taekwondo, en el cual hizo presencia nuestra escuela DalmaDaesa,&hellip; <br \/> <a class=\"read-more\" href=\"https:\/\/dalmadaesa.cl\/?p=1157\">Leer m\u00e1s<\/a><\/p>\n","protected":false},"author":6,"featured_media":1156,"comment_status":"closed","ping_status":"open","sticky":false,"template":"","format":"standard","meta":{"footnotes":""},"categories":[1],"tags":[],"class_list":["post-1157","post","type-post","status-publish","format-standard","has-post-thumbnail","hentry","category-general"],"_links":{"self":[{"href":"https:\/\/dalmadaesa.cl\/index.php?rest_route=\/wp\/v2\/posts\/1157","targetHints":{"allow":["GET"]}}],"collection":[{"href":"https:\/\/dalmadaesa.cl\/index.php?rest_route=\/wp\/v2\/posts"}],"about":[{"href":"https:\/\/dalmadaesa.cl\/index.php?rest_route=\/wp\/v2\/types\/post"}],"author":[{"embeddable":true,"href":"https:\/\/dalmadaesa.cl\/index.php?rest_route=\/wp\/v2\/users\/6"}],"replies":[{"embeddable":true,"href":"https:\/\/dalmadaesa.cl\/index.php?rest_route=%2Fwp%2Fv2%2Fcomments&post=1157"}],"version-history":[{"count":0,"href":"https:\/\/dalmadaesa.cl\/index.php?rest_route=\/wp\/v2\/posts\/1157\/revisions"}],"wp:featuredmedia":[{"embeddable":true,"href":"https:\/\/dalmadaesa.cl\/index.php?rest_route=\/wp\/v2\/media\/1156"}],"wp:attachment":[{"href":"https:\/\/dalmadaesa.cl\/index.php?rest_route=%2Fwp%2Fv2%2Fmedia&parent=1157"}],"wp:term":[{"taxonomy":"category","embeddable":true,"href":"https:\/\/dalmadaesa.cl\/index.php?rest_route=%2Fwp%2Fv2%2Fcategories&post=1157"},{"taxonomy":"post_tag","embeddable":true,"href":"https:\/\/dalmadaesa.cl\/index.php?rest_route=%2Fwp%2Fv2%2Ftags&post=1157"}],"curies":[{"name":"wp","href":"https:\/\/api.w.org\/{rel}","templated":true}]}}