{"id":1162,"date":"2017-08-01T12:00:51","date_gmt":"2017-08-01T12:00:51","guid":{"rendered":"http:\/\/dalmadaesa.cl\/?p=1162"},"modified":"2020-08-27T02:24:30","modified_gmt":"2020-08-27T02:24:30","slug":"cena-de-camaraderia-en-la-federacion-paulista-sao-paulo","status":"publish","type":"post","link":"https:\/\/dalmadaesa.cl\/?p=1162","title":{"rendered":"Cena de Camarader\u00eda en la Federaci\u00f3n Paulista, Sao Paulo"},"content":{"rendered":"<p style=\"text-align: justify;\">En Julio de 2017, se realiz\u00f3 una cena de camarader\u00eda a la que asisti\u00f3 la DalmaDaesa. La palabra camarader\u00eda viene del griego: \u201cestancia abovedada\u201d, se refer\u00eda al lugar donde las personas dorm\u00edan en un mismo cuarto o c\u00e1mara, as\u00ed generaban un v\u00ednculo amistoso o de respeto, que despu\u00e9s forjaron las personas con intereses o afectos en com\u00fan. De ah\u00ed surge la idea de camarader\u00eda y esto implica que entre los camaradas existe la solidaridad, el cari\u00f1o, el respeto y la simpat\u00eda.<\/p>\n<p style=\"text-align: justify;\">La cena tuvo lugar en la gran ciudad de Sao Paulo, una ciudad de alrededor de 460 a\u00f1os de existencia, donde se organiz\u00f3 la cena por la Federaci\u00f3n Paulista de Taekwondo. La DalmaDaesa a dem\u00e1s pudo visitar la academia de mestre Negron.<\/p>\n<div id=\"attachment_1159\" style=\"width: 650px\" class=\"wp-caption aligncenter\"><img loading=\"lazy\" decoding=\"async\" aria-describedby=\"caption-attachment-1159\" src=\"http:\/\/dalmadaesa.cl\/wp-content\/uploads\/2020\/08\/foto_01-2.jpg\" alt=\"\" width=\"640\" height=\"480\" class=\"size-full wp-image-1159\" srcset=\"https:\/\/dalmadaesa.cl\/wp-content\/uploads\/2020\/08\/foto_01-2.jpg 640w, https:\/\/dalmadaesa.cl\/wp-content\/uploads\/2020\/08\/foto_01-2-300x225.jpg 300w, https:\/\/dalmadaesa.cl\/wp-content\/uploads\/2020\/08\/foto_01-2-326x245.jpg 326w, https:\/\/dalmadaesa.cl\/wp-content\/uploads\/2020\/08\/foto_01-2-80x60.jpg 80w\" sizes=\"auto, (max-width: 640px) 100vw, 640px\" \/><p id=\"caption-attachment-1159\" class=\"wp-caption-text\">Los representantes de la escuela DalmaDaesa en un paseo por el barrio de la Av Liberdade, para disfrutar de la ciudad de Sao Paulo.<\/p><\/div>\n<div id=\"attachment_1160\" style=\"width: 650px\" class=\"wp-caption aligncenter\"><img loading=\"lazy\" decoding=\"async\" aria-describedby=\"caption-attachment-1160\" src=\"http:\/\/dalmadaesa.cl\/wp-content\/uploads\/2020\/08\/foto_02-3.jpg\" alt=\"\" width=\"640\" height=\"480\" class=\"size-full wp-image-1160\" srcset=\"https:\/\/dalmadaesa.cl\/wp-content\/uploads\/2020\/08\/foto_02-3.jpg 640w, https:\/\/dalmadaesa.cl\/wp-content\/uploads\/2020\/08\/foto_02-3-300x225.jpg 300w, https:\/\/dalmadaesa.cl\/wp-content\/uploads\/2020\/08\/foto_02-3-326x245.jpg 326w, https:\/\/dalmadaesa.cl\/wp-content\/uploads\/2020\/08\/foto_02-3-80x60.jpg 80w\" sizes=\"auto, (max-width: 640px) 100vw, 640px\" \/><p id=\"caption-attachment-1160\" class=\"wp-caption-text\">Cena de camarader\u00eda, la alegr\u00eda inunda la mesa de conversaciones.<\/p><\/div>\n<div id=\"attachment_1161\" style=\"width: 504px\" class=\"wp-caption aligncenter\"><img loading=\"lazy\" decoding=\"async\" aria-describedby=\"caption-attachment-1161\" src=\"http:\/\/dalmadaesa.cl\/wp-content\/uploads\/2020\/08\/foto_03-3.jpg\" alt=\"\" width=\"494\" height=\"640\" class=\"size-full wp-image-1161\" srcset=\"https:\/\/dalmadaesa.cl\/wp-content\/uploads\/2020\/08\/foto_03-3.jpg 494w, https:\/\/dalmadaesa.cl\/wp-content\/uploads\/2020\/08\/foto_03-3-232x300.jpg 232w\" sizes=\"auto, (max-width: 494px) 100vw, 494px\" \/><p id=\"caption-attachment-1161\" class=\"wp-caption-text\">Los representantes de la escuela DalmaDaesa en el dojan o academia de mestre Negron, en Sao Paulo.<\/p><\/div>\n","protected":false},"excerpt":{"rendered":"<p>En Julio de 2017, se realiz\u00f3 una cena de camarader\u00eda a la que asisti\u00f3 la DalmaDaesa. La palabra camarader\u00eda viene del griego: \u201cestancia abovedada\u201d, se refer\u00eda al lugar donde las personas dorm\u00edan en un mismo cuarto o c\u00e1mara, as\u00ed generaban un v\u00ednculo amistoso o de respeto, que despu\u00e9s forjaron las personas con intereses o afectos&hellip; <br \/> <a class=\"read-more\" href=\"https:\/\/dalmadaesa.cl\/?p=1162\">Leer m\u00e1s<\/a><\/p>\n","protected":false},"author":6,"featured_media":1158,"comment_status":"closed","ping_status":"open","sticky":false,"template":"","format":"standard","meta":{"footnotes":""},"categories":[1],"tags":[],"class_list":["post-1162","post","type-post","status-publish","format-standard","has-post-thumbnail","hentry","category-general"],"_links":{"self":[{"href":"https:\/\/dalmadaesa.cl\/index.php?rest_route=\/wp\/v2\/posts\/1162","targetHints":{"allow":["GET"]}}],"collection":[{"href":"https:\/\/dalmadaesa.cl\/index.php?rest_route=\/wp\/v2\/posts"}],"about":[{"href":"https:\/\/dalmadaesa.cl\/index.php?rest_route=\/wp\/v2\/types\/post"}],"author":[{"embeddable":true,"href":"https:\/\/dalmadaesa.cl\/index.php?rest_route=\/wp\/v2\/users\/6"}],"replies":[{"embeddable":true,"href":"https:\/\/dalmadaesa.cl\/index.php?rest_route=%2Fwp%2Fv2%2Fcomments&post=1162"}],"version-history":[{"count":0,"href":"https:\/\/dalmadaesa.cl\/index.php?rest_route=\/wp\/v2\/posts\/1162\/revisions"}],"wp:featuredmedia":[{"embeddable":true,"href":"https:\/\/dalmadaesa.cl\/index.php?rest_route=\/wp\/v2\/media\/1158"}],"wp:attachment":[{"href":"https:\/\/dalmadaesa.cl\/index.php?rest_route=%2Fwp%2Fv2%2Fmedia&parent=1162"}],"wp:term":[{"taxonomy":"category","embeddable":true,"href":"https:\/\/dalmadaesa.cl\/index.php?rest_route=%2Fwp%2Fv2%2Fcategories&post=1162"},{"taxonomy":"post_tag","embeddable":true,"href":"https:\/\/dalmadaesa.cl\/index.php?rest_route=%2Fwp%2Fv2%2Ftags&post=1162"}],"curies":[{"name":"wp","href":"https:\/\/api.w.org\/{rel}","templated":true}]}}