{"id":1174,"date":"2017-11-20T12:00:07","date_gmt":"2017-11-20T12:00:07","guid":{"rendered":"http:\/\/dalmadaesa.cl\/?p=1174"},"modified":"2020-08-27T02:24:30","modified_gmt":"2020-08-27T02:24:30","slug":"campeonato-escolar-copa-europa-2017","status":"publish","type":"post","link":"https:\/\/dalmadaesa.cl\/?p=1174","title":{"rendered":"Campeonato Escolar \u201cCopa Europa\u201d 2017"},"content":{"rendered":"<p style=\"text-align: justify;\">En el mes de noviembre, se llev\u00f3 a cabo el Campeonato Escolar \u00abCopa Europa\u00bb 2017, organizado por nuestra Asociaci\u00f3n deportiva DalmaDaesa y sus escuelas afiliadas la Asociaci\u00f3n Valparaiso y Circulo de Quir\u00f3n. La jornada fue animada por la extensa participaci\u00f3n de los j\u00f3venes deportistas.<\/p>\n<div id=\"attachment_1164\" style=\"width: 650px\" class=\"wp-caption aligncenter\"><img loading=\"lazy\" decoding=\"async\" aria-describedby=\"caption-attachment-1164\" src=\"http:\/\/dalmadaesa.cl\/wp-content\/uploads\/2020\/08\/FOTO_01.jpg\" alt=\"\" width=\"640\" height=\"532\" class=\"size-full wp-image-1164\" srcset=\"https:\/\/dalmadaesa.cl\/wp-content\/uploads\/2020\/08\/FOTO_01.jpg 640w, https:\/\/dalmadaesa.cl\/wp-content\/uploads\/2020\/08\/FOTO_01-300x249.jpg 300w\" sizes=\"auto, (max-width: 640px) 100vw, 640px\" \/><p id=\"caption-attachment-1164\" class=\"wp-caption-text\">Escena de acci\u00f3n, pleno combate en el inicio de la vida.<\/p><\/div>\n<div id=\"attachment_1165\" style=\"width: 562px\" class=\"wp-caption aligncenter\"><img loading=\"lazy\" decoding=\"async\" aria-describedby=\"caption-attachment-1165\" src=\"http:\/\/dalmadaesa.cl\/wp-content\/uploads\/2020\/08\/FOTO_02.jpg\" alt=\"\" width=\"552\" height=\"368\" class=\"size-full wp-image-1165\" srcset=\"https:\/\/dalmadaesa.cl\/wp-content\/uploads\/2020\/08\/FOTO_02.jpg 552w, https:\/\/dalmadaesa.cl\/wp-content\/uploads\/2020\/08\/FOTO_02-300x200.jpg 300w\" sizes=\"auto, (max-width: 552px) 100vw, 552px\" \/><p id=\"caption-attachment-1165\" class=\"wp-caption-text\">Campeonato de gran convocatoria, muchos participantes.<\/p><\/div>\n<div id=\"attachment_1166\" style=\"width: 562px\" class=\"wp-caption aligncenter\"><img loading=\"lazy\" decoding=\"async\" aria-describedby=\"caption-attachment-1166\" src=\"http:\/\/dalmadaesa.cl\/wp-content\/uploads\/2020\/08\/FOTO_03.jpg\" alt=\"\" width=\"552\" height=\"368\" class=\"size-full wp-image-1166\" srcset=\"https:\/\/dalmadaesa.cl\/wp-content\/uploads\/2020\/08\/FOTO_03.jpg 552w, https:\/\/dalmadaesa.cl\/wp-content\/uploads\/2020\/08\/FOTO_03-300x200.jpg 300w\" sizes=\"auto, (max-width: 552px) 100vw, 552px\" \/><p id=\"caption-attachment-1166\" class=\"wp-caption-text\">La formaci\u00f3n solemne en la que se recibe los merecidos premios.<\/p><\/div>\n<div id=\"attachment_1167\" style=\"width: 650px\" class=\"wp-caption aligncenter\"><img loading=\"lazy\" decoding=\"async\" aria-describedby=\"caption-attachment-1167\" src=\"http:\/\/dalmadaesa.cl\/wp-content\/uploads\/2020\/08\/FOTO_04.jpg\" alt=\"\" width=\"640\" height=\"466\" class=\"size-full wp-image-1167\" srcset=\"https:\/\/dalmadaesa.cl\/wp-content\/uploads\/2020\/08\/FOTO_04.jpg 640w, https:\/\/dalmadaesa.cl\/wp-content\/uploads\/2020\/08\/FOTO_04-300x218.jpg 300w\" sizes=\"auto, (max-width: 640px) 100vw, 640px\" \/><p id=\"caption-attachment-1167\" class=\"wp-caption-text\">El r\u00e9feri Daniel Pons, siempre atento a conducir el aprendizaje del combate deportivo.<\/p><\/div>\n<div id=\"attachment_1168\" style=\"width: 490px\" class=\"wp-caption aligncenter\"><img loading=\"lazy\" decoding=\"async\" aria-describedby=\"caption-attachment-1168\" src=\"http:\/\/dalmadaesa.cl\/wp-content\/uploads\/2020\/08\/FOTO_05.jpg\" alt=\"\" width=\"480\" height=\"640\" class=\"size-full wp-image-1168\" srcset=\"https:\/\/dalmadaesa.cl\/wp-content\/uploads\/2020\/08\/FOTO_05.jpg 480w, https:\/\/dalmadaesa.cl\/wp-content\/uploads\/2020\/08\/FOTO_05-225x300.jpg 225w\" sizes=\"auto, (max-width: 480px) 100vw, 480px\" \/><p id=\"caption-attachment-1168\" class=\"wp-caption-text\">La instructora Jaqueline L\u00f3pez pensando en la dial\u00e9ctica del combate junto a sus camaradas instructores.<\/p><\/div>\n","protected":false},"excerpt":{"rendered":"<p>En el mes de noviembre, se llev\u00f3 a cabo el Campeonato Escolar \u00abCopa Europa\u00bb 2017, organizado por nuestra Asociaci\u00f3n deportiva DalmaDaesa y sus escuelas afiliadas la Asociaci\u00f3n Valparaiso y Circulo de Quir\u00f3n. La jornada fue animada por la extensa participaci\u00f3n de los j\u00f3venes deportistas.<\/p>\n","protected":false},"author":6,"featured_media":1163,"comment_status":"closed","ping_status":"open","sticky":false,"template":"","format":"standard","meta":{"footnotes":""},"categories":[1],"tags":[],"class_list":["post-1174","post","type-post","status-publish","format-standard","has-post-thumbnail","hentry","category-general"],"_links":{"self":[{"href":"https:\/\/dalmadaesa.cl\/index.php?rest_route=\/wp\/v2\/posts\/1174","targetHints":{"allow":["GET"]}}],"collection":[{"href":"https:\/\/dalmadaesa.cl\/index.php?rest_route=\/wp\/v2\/posts"}],"about":[{"href":"https:\/\/dalmadaesa.cl\/index.php?rest_route=\/wp\/v2\/types\/post"}],"author":[{"embeddable":true,"href":"https:\/\/dalmadaesa.cl\/index.php?rest_route=\/wp\/v2\/users\/6"}],"replies":[{"embeddable":true,"href":"https:\/\/dalmadaesa.cl\/index.php?rest_route=%2Fwp%2Fv2%2Fcomments&post=1174"}],"version-history":[{"count":0,"href":"https:\/\/dalmadaesa.cl\/index.php?rest_route=\/wp\/v2\/posts\/1174\/revisions"}],"wp:featuredmedia":[{"embeddable":true,"href":"https:\/\/dalmadaesa.cl\/index.php?rest_route=\/wp\/v2\/media\/1163"}],"wp:attachment":[{"href":"https:\/\/dalmadaesa.cl\/index.php?rest_route=%2Fwp%2Fv2%2Fmedia&parent=1174"}],"wp:term":[{"taxonomy":"category","embeddable":true,"href":"https:\/\/dalmadaesa.cl\/index.php?rest_route=%2Fwp%2Fv2%2Fcategories&post=1174"},{"taxonomy":"post_tag","embeddable":true,"href":"https:\/\/dalmadaesa.cl\/index.php?rest_route=%2Fwp%2Fv2%2Ftags&post=1174"}],"curies":[{"name":"wp","href":"https:\/\/api.w.org\/{rel}","templated":true}]}}