{"id":1190,"date":"2017-12-27T12:00:01","date_gmt":"2017-12-27T12:00:01","guid":{"rendered":"http:\/\/dalmadaesa.cl\/?p=1190"},"modified":"2020-08-27T02:24:30","modified_gmt":"2020-08-27T02:24:30","slug":"cierre-de-ano-y-festival-de-exhibiciones-dalmadaesa","status":"publish","type":"post","link":"https:\/\/dalmadaesa.cl\/?p=1190","title":{"rendered":"Cierre de A\u00f1o y Festival de Exhibiciones \u00abDalmaDaesa\u00bb"},"content":{"rendered":"<div id=\"attachment_1186\" style=\"width: 210px\" class=\"wp-caption aligncenter\"><img loading=\"lazy\" decoding=\"async\" aria-describedby=\"caption-attachment-1186\" src=\"http:\/\/dalmadaesa.cl\/wp-content\/uploads\/2020\/08\/FOTO-200-2.jpg\" alt=\"\" width=\"200\" height=\"200\" class=\"size-full wp-image-1186\" srcset=\"https:\/\/dalmadaesa.cl\/wp-content\/uploads\/2020\/08\/FOTO-200-2.jpg 200w, https:\/\/dalmadaesa.cl\/wp-content\/uploads\/2020\/08\/FOTO-200-2-150x150.jpg 150w\" sizes=\"auto, (max-width: 200px) 100vw, 200px\" \/><p id=\"caption-attachment-1186\" class=\"wp-caption-text\">Peque\u00f1os deportistas que un d\u00eda ser\u00e1n grandes, junto a su instructor Kiosanim Daniel Pons.<\/p><\/div>\n<p style=\"text-align: justify;\">La Asociaci\u00f3n Deportiva DalmaDaesa marc\u00f3 el cierre del a\u00f1o 2017. En el calendario chino el a\u00f1o 2017 corresponde al a\u00f1o del Gallo, s\u00edmbolo de la ostentaci\u00f3n y el combate, as\u00ed tambi\u00e9n, el cierre de a\u00f1o organizando por la DalmaDaesa se desarroll\u00f3 en un encuentro de competencias de combates orientado a desarrollar y ostentar habilidades alternativas del Taekwondo Deportivo WT.<\/p>\n<div id=\"attachment_1187\" style=\"width: 650px\" class=\"wp-caption aligncenter\"><img loading=\"lazy\" decoding=\"async\" aria-describedby=\"caption-attachment-1187\" src=\"http:\/\/dalmadaesa.cl\/wp-content\/uploads\/2020\/08\/foto_01-5.jpg\" alt=\"\" width=\"640\" height=\"359\" class=\"size-full wp-image-1187\" srcset=\"https:\/\/dalmadaesa.cl\/wp-content\/uploads\/2020\/08\/foto_01-5.jpg 640w, https:\/\/dalmadaesa.cl\/wp-content\/uploads\/2020\/08\/foto_01-5-300x168.jpg 300w\" sizes=\"auto, (max-width: 640px) 100vw, 640px\" \/><p id=\"caption-attachment-1187\" class=\"wp-caption-text\">La formaci\u00f3n es parte de la disciplina y la solemnidad, s\u00edmbolo del respeto mutuo.<\/p><\/div>\n<div id=\"attachment_1188\" style=\"width: 650px\" class=\"wp-caption aligncenter\"><img loading=\"lazy\" decoding=\"async\" aria-describedby=\"caption-attachment-1188\" src=\"http:\/\/dalmadaesa.cl\/wp-content\/uploads\/2020\/08\/foto_02-6.jpg\" alt=\"\" width=\"640\" height=\"440\" class=\"size-full wp-image-1188\" srcset=\"https:\/\/dalmadaesa.cl\/wp-content\/uploads\/2020\/08\/foto_02-6.jpg 640w, https:\/\/dalmadaesa.cl\/wp-content\/uploads\/2020\/08\/foto_02-6-300x206.jpg 300w\" sizes=\"auto, (max-width: 640px) 100vw, 640px\" \/><p id=\"caption-attachment-1188\" class=\"wp-caption-text\">Los taekwondistas con sus pecheras de combate despu\u00e9s del trabajo deportivo posan acompa\u00f1ados de sus instructores o kiosanim.<\/p><\/div>\n<div id=\"attachment_1189\" style=\"width: 650px\" class=\"wp-caption aligncenter\"><img loading=\"lazy\" decoding=\"async\" aria-describedby=\"caption-attachment-1189\" src=\"http:\/\/dalmadaesa.cl\/wp-content\/uploads\/2020\/08\/foto_03-6.jpg\" alt=\"\" width=\"640\" height=\"460\" class=\"size-full wp-image-1189\" srcset=\"https:\/\/dalmadaesa.cl\/wp-content\/uploads\/2020\/08\/foto_03-6.jpg 640w, https:\/\/dalmadaesa.cl\/wp-content\/uploads\/2020\/08\/foto_03-6-300x216.jpg 300w\" sizes=\"auto, (max-width: 640px) 100vw, 640px\" \/><p id=\"caption-attachment-1189\" class=\"wp-caption-text\">La alegr\u00eda de ser taekwondista.<\/p><\/div>\n","protected":false},"excerpt":{"rendered":"<p>La Asociaci\u00f3n Deportiva DalmaDaesa marc\u00f3 el cierre del a\u00f1o 2017. En el calendario chino el a\u00f1o 2017 corresponde al a\u00f1o del Gallo, s\u00edmbolo de la ostentaci\u00f3n y el combate, as\u00ed tambi\u00e9n, el cierre de a\u00f1o organizando por la DalmaDaesa se desarroll\u00f3 en un encuentro de competencias de combates orientado a desarrollar y ostentar habilidades alternativas&hellip; <br \/> <a class=\"read-more\" href=\"https:\/\/dalmadaesa.cl\/?p=1190\">Leer m\u00e1s<\/a><\/p>\n","protected":false},"author":6,"featured_media":1186,"comment_status":"closed","ping_status":"open","sticky":false,"template":"","format":"standard","meta":{"footnotes":""},"categories":[1],"tags":[],"class_list":["post-1190","post","type-post","status-publish","format-standard","has-post-thumbnail","hentry","category-general"],"_links":{"self":[{"href":"https:\/\/dalmadaesa.cl\/index.php?rest_route=\/wp\/v2\/posts\/1190","targetHints":{"allow":["GET"]}}],"collection":[{"href":"https:\/\/dalmadaesa.cl\/index.php?rest_route=\/wp\/v2\/posts"}],"about":[{"href":"https:\/\/dalmadaesa.cl\/index.php?rest_route=\/wp\/v2\/types\/post"}],"author":[{"embeddable":true,"href":"https:\/\/dalmadaesa.cl\/index.php?rest_route=\/wp\/v2\/users\/6"}],"replies":[{"embeddable":true,"href":"https:\/\/dalmadaesa.cl\/index.php?rest_route=%2Fwp%2Fv2%2Fcomments&post=1190"}],"version-history":[{"count":1,"href":"https:\/\/dalmadaesa.cl\/index.php?rest_route=\/wp\/v2\/posts\/1190\/revisions"}],"predecessor-version":[{"id":1240,"href":"https:\/\/dalmadaesa.cl\/index.php?rest_route=\/wp\/v2\/posts\/1190\/revisions\/1240"}],"wp:featuredmedia":[{"embeddable":true,"href":"https:\/\/dalmadaesa.cl\/index.php?rest_route=\/wp\/v2\/media\/1186"}],"wp:attachment":[{"href":"https:\/\/dalmadaesa.cl\/index.php?rest_route=%2Fwp%2Fv2%2Fmedia&parent=1190"}],"wp:term":[{"taxonomy":"category","embeddable":true,"href":"https:\/\/dalmadaesa.cl\/index.php?rest_route=%2Fwp%2Fv2%2Fcategories&post=1190"},{"taxonomy":"post_tag","embeddable":true,"href":"https:\/\/dalmadaesa.cl\/index.php?rest_route=%2Fwp%2Fv2%2Ftags&post=1190"}],"curies":[{"name":"wp","href":"https:\/\/api.w.org\/{rel}","templated":true}]}}