{"id":1196,"date":"2017-07-31T13:45:15","date_gmt":"2017-07-31T13:45:15","guid":{"rendered":"http:\/\/dalmadaesa.cl\/?p=1196"},"modified":"2020-08-27T02:24:30","modified_gmt":"2020-08-27T02:24:30","slug":"paseo-turistico-de-la-dalmadeasa-por-rio-de-janeiro","status":"publish","type":"post","link":"https:\/\/dalmadaesa.cl\/?p=1196","title":{"rendered":"Paseo Tur\u00edstico de la DalmaDeasa por Rio de Janeiro"},"content":{"rendered":"<div id=\"attachment_1191\" style=\"width: 210px\" class=\"wp-caption aligncenter\"><img loading=\"lazy\" decoding=\"async\" aria-describedby=\"caption-attachment-1191\" src=\"http:\/\/dalmadaesa.cl\/wp-content\/uploads\/2020\/08\/FOTO-200-3.jpg\" alt=\"\" width=\"200\" height=\"200\" class=\"size-full wp-image-1191\" srcset=\"https:\/\/dalmadaesa.cl\/wp-content\/uploads\/2020\/08\/FOTO-200-3.jpg 200w, https:\/\/dalmadaesa.cl\/wp-content\/uploads\/2020\/08\/FOTO-200-3-150x150.jpg 150w\" sizes=\"auto, (max-width: 200px) 100vw, 200px\" \/><p id=\"caption-attachment-1191\" class=\"wp-caption-text\">Sabonim Rafael Santos al lado de la gran estatua del Cristo Redentor en Cerro del Corcovado.<\/p><\/div>\n<p style=\"text-align: justify;\">Rio de Janeiro, ciudad fundada en 1565 por Est\u00e1cio de S\u00e1, sobrino del gobernador general de Brasil, con el nombre de S\u00e3o Sebasti\u00e3o do Rio de Janeiro, en homenaje al rey Sebasti\u00e1n I de Portugal.<\/p>\n<div id=\"attachment_1192\" style=\"width: 650px\" class=\"wp-caption aligncenter\"><img loading=\"lazy\" decoding=\"async\" aria-describedby=\"caption-attachment-1192\" src=\"http:\/\/dalmadaesa.cl\/wp-content\/uploads\/2020\/08\/foto_01-6.jpg\" alt=\"\" width=\"640\" height=\"306\" class=\"size-full wp-image-1192\" srcset=\"https:\/\/dalmadaesa.cl\/wp-content\/uploads\/2020\/08\/foto_01-6.jpg 640w, https:\/\/dalmadaesa.cl\/wp-content\/uploads\/2020\/08\/foto_01-6-300x143.jpg 300w\" sizes=\"auto, (max-width: 640px) 100vw, 640px\" \/><p id=\"caption-attachment-1192\" class=\"wp-caption-text\">Camino a uno de los grandes cerros en los que se asienta la ciudad de Rio de Janeiro, en el cerro Corcovado.<\/p><\/div>\n<p style=\"text-align: justify;\">En dicha ciudad entre el mar y la selva, la DalmaDaesa recorri\u00f3 sus lugares culturales, calles, playas y monumentos.<\/p>\n<div id=\"attachment_1193\" style=\"width: 391px\" class=\"wp-caption aligncenter\"><img loading=\"lazy\" decoding=\"async\" aria-describedby=\"caption-attachment-1193\" src=\"http:\/\/dalmadaesa.cl\/wp-content\/uploads\/2020\/08\/foto_02-7.jpg\" alt=\"\" width=\"381\" height=\"640\" class=\"size-full wp-image-1193\" srcset=\"https:\/\/dalmadaesa.cl\/wp-content\/uploads\/2020\/08\/foto_02-7.jpg 381w, https:\/\/dalmadaesa.cl\/wp-content\/uploads\/2020\/08\/foto_02-7-179x300.jpg 179w\" sizes=\"auto, (max-width: 381px) 100vw, 381px\" \/><p id=\"caption-attachment-1193\" class=\"wp-caption-text\">La DalmaDaesa en el gran Copacabana Palace, construido entre 1919 y 1923. Dise\u00f1ado por el arquitecto franc\u00e9s Joseph Gire para hospedar a los visitantes de la gran Exposici\u00f3n del Centenario de la Independencia del Brasil.<\/p><\/div>\n<p style=\"text-align: justify;\">En dicha ciudad entre el mar y la selva, la DalmaDaesa recorri\u00f3 sus lugares culturales, calles, playas y monumentos.<\/p>\n<div id=\"attachment_1194\" style=\"width: 650px\" class=\"wp-caption aligncenter\"><img loading=\"lazy\" decoding=\"async\" aria-describedby=\"caption-attachment-1194\" src=\"http:\/\/dalmadaesa.cl\/wp-content\/uploads\/2020\/08\/foto_03-7.jpg\" alt=\"\" width=\"640\" height=\"448\" class=\"size-full wp-image-1194\" srcset=\"https:\/\/dalmadaesa.cl\/wp-content\/uploads\/2020\/08\/foto_03-7.jpg 640w, https:\/\/dalmadaesa.cl\/wp-content\/uploads\/2020\/08\/foto_03-7-300x210.jpg 300w\" sizes=\"auto, (max-width: 640px) 100vw, 640px\" \/><p id=\"caption-attachment-1194\" class=\"wp-caption-text\">Copacabana es sin lugar a duda la playa m\u00e1s popular de Brasil, una de las m\u00e1s bellas del mundo y est\u00e1 situada justo en el coraz\u00f3n de Rio de Janeiro.<\/p><\/div>\n<p style=\"text-align: justify;\">Fue la capital de Portugal entre 1808 y 1822 y, m\u00e1s tarde, la capital de Brasil desde 1822, cuando este pa\u00eds declar\u00f3 su independencia, y conserv\u00f3 esta ciudad con el rango de capital hasta la inauguraci\u00f3n de Brasilia, en 1960.<\/p>\n<div id=\"attachment_1195\" style=\"width: 531px\" class=\"wp-caption aligncenter\"><img loading=\"lazy\" decoding=\"async\" aria-describedby=\"caption-attachment-1195\" src=\"http:\/\/dalmadaesa.cl\/wp-content\/uploads\/2020\/08\/foto_04-4.jpg\" alt=\"\" width=\"521\" height=\"640\" class=\"size-full wp-image-1195\" srcset=\"https:\/\/dalmadaesa.cl\/wp-content\/uploads\/2020\/08\/foto_04-4.jpg 521w, https:\/\/dalmadaesa.cl\/wp-content\/uploads\/2020\/08\/foto_04-4-244x300.jpg 244w\" sizes=\"auto, (max-width: 521px) 100vw, 521px\" \/><p id=\"caption-attachment-1195\" class=\"wp-caption-text\">Sabonim Rafael Santos junto al monumento de Getulio Vargas, promulgador del deporte en Brasil.<\/p><\/div>\n","protected":false},"excerpt":{"rendered":"<p>Rio de Janeiro, ciudad fundada en 1565 por Est\u00e1cio de S\u00e1, sobrino del gobernador general de Brasil, con el nombre de S\u00e3o Sebasti\u00e3o do Rio de Janeiro, en homenaje al rey Sebasti\u00e1n I de Portugal. En dicha ciudad entre el mar y la selva, la DalmaDaesa recorri\u00f3 sus lugares culturales, calles, playas y monumentos. En&hellip; <br \/> <a class=\"read-more\" href=\"https:\/\/dalmadaesa.cl\/?p=1196\">Leer m\u00e1s<\/a><\/p>\n","protected":false},"author":6,"featured_media":1191,"comment_status":"closed","ping_status":"open","sticky":false,"template":"","format":"standard","meta":{"footnotes":""},"categories":[1],"tags":[],"class_list":["post-1196","post","type-post","status-publish","format-standard","has-post-thumbnail","hentry","category-general"],"_links":{"self":[{"href":"https:\/\/dalmadaesa.cl\/index.php?rest_route=\/wp\/v2\/posts\/1196","targetHints":{"allow":["GET"]}}],"collection":[{"href":"https:\/\/dalmadaesa.cl\/index.php?rest_route=\/wp\/v2\/posts"}],"about":[{"href":"https:\/\/dalmadaesa.cl\/index.php?rest_route=\/wp\/v2\/types\/post"}],"author":[{"embeddable":true,"href":"https:\/\/dalmadaesa.cl\/index.php?rest_route=\/wp\/v2\/users\/6"}],"replies":[{"embeddable":true,"href":"https:\/\/dalmadaesa.cl\/index.php?rest_route=%2Fwp%2Fv2%2Fcomments&post=1196"}],"version-history":[{"count":0,"href":"https:\/\/dalmadaesa.cl\/index.php?rest_route=\/wp\/v2\/posts\/1196\/revisions"}],"wp:featuredmedia":[{"embeddable":true,"href":"https:\/\/dalmadaesa.cl\/index.php?rest_route=\/wp\/v2\/media\/1191"}],"wp:attachment":[{"href":"https:\/\/dalmadaesa.cl\/index.php?rest_route=%2Fwp%2Fv2%2Fmedia&parent=1196"}],"wp:term":[{"taxonomy":"category","embeddable":true,"href":"https:\/\/dalmadaesa.cl\/index.php?rest_route=%2Fwp%2Fv2%2Fcategories&post=1196"},{"taxonomy":"post_tag","embeddable":true,"href":"https:\/\/dalmadaesa.cl\/index.php?rest_route=%2Fwp%2Fv2%2Ftags&post=1196"}],"curies":[{"name":"wp","href":"https:\/\/api.w.org\/{rel}","templated":true}]}}