{"id":1201,"date":"2017-08-01T12:00:50","date_gmt":"2017-08-01T12:00:50","guid":{"rendered":"http:\/\/dalmadaesa.cl\/?p=1201"},"modified":"2020-08-27T02:24:30","modified_gmt":"2020-08-27T02:24:30","slug":"paseo-por-sao-sebastiao","status":"publish","type":"post","link":"https:\/\/dalmadaesa.cl\/?p=1201","title":{"rendered":"Paseo por Sao Sebastiao"},"content":{"rendered":"<div id=\"attachment_1197\" style=\"width: 210px\" class=\"wp-caption aligncenter\"><img loading=\"lazy\" decoding=\"async\" aria-describedby=\"caption-attachment-1197\" src=\"http:\/\/dalmadaesa.cl\/wp-content\/uploads\/2020\/08\/FOTO-200-4.jpg\" alt=\"\" width=\"200\" height=\"200\" class=\"size-full wp-image-1197\" srcset=\"https:\/\/dalmadaesa.cl\/wp-content\/uploads\/2020\/08\/FOTO-200-4.jpg 200w, https:\/\/dalmadaesa.cl\/wp-content\/uploads\/2020\/08\/FOTO-200-4-150x150.jpg 150w\" sizes=\"auto, (max-width: 200px) 100vw, 200px\" \/><p id=\"caption-attachment-1197\" class=\"wp-caption-text\">La iglesia de Sao Sebastiao, una arquitectura simple de l\u00ednea colonial.<\/p><\/div>\n<p style=\"text-align: justify;\">Luego del seminario de intercambio y actividades de camarader\u00eda de Chile y Brasil, la DalmaDaesa continu\u00f3 sus paso recorriendo la ciudad de Sao Sebastiao, ciudad de unos 84 mil habitantes, cuyas playas corresponden a uno de los 15 municipios que el estado paulista promociona garantizando el turismo regional.<\/p>\n<div id=\"attachment_1198\" style=\"width: 650px\" class=\"wp-caption aligncenter\"><img loading=\"lazy\" decoding=\"async\" aria-describedby=\"caption-attachment-1198\" src=\"http:\/\/dalmadaesa.cl\/wp-content\/uploads\/2020\/08\/foto_01-7.jpg\" alt=\"\" width=\"640\" height=\"328\" class=\"size-full wp-image-1198\" srcset=\"https:\/\/dalmadaesa.cl\/wp-content\/uploads\/2020\/08\/foto_01-7.jpg 640w, https:\/\/dalmadaesa.cl\/wp-content\/uploads\/2020\/08\/foto_01-7-300x154.jpg 300w\" sizes=\"auto, (max-width: 640px) 100vw, 640px\" \/><p id=\"caption-attachment-1198\" class=\"wp-caption-text\">Los comensales junto a Mestre Guilherme, en un momento de pausa y frescor.<\/p><\/div>\n<div id=\"attachment_1199\" style=\"width: 650px\" class=\"wp-caption aligncenter\"><img loading=\"lazy\" decoding=\"async\" aria-describedby=\"caption-attachment-1199\" src=\"http:\/\/dalmadaesa.cl\/wp-content\/uploads\/2020\/08\/foto_02-8.jpg\" alt=\"\" width=\"640\" height=\"505\" class=\"size-full wp-image-1199\" srcset=\"https:\/\/dalmadaesa.cl\/wp-content\/uploads\/2020\/08\/foto_02-8.jpg 640w, https:\/\/dalmadaesa.cl\/wp-content\/uploads\/2020\/08\/foto_02-8-300x237.jpg 300w\" sizes=\"auto, (max-width: 640px) 100vw, 640px\" \/><p id=\"caption-attachment-1199\" class=\"wp-caption-text\">La DalmaDaesa junto a nuestro gran amigo Vicente Do Nacimento y su familia.<\/p><\/div>\n<div id=\"attachment_1200\" style=\"width: 650px\" class=\"wp-caption aligncenter\"><img loading=\"lazy\" decoding=\"async\" aria-describedby=\"caption-attachment-1200\" src=\"http:\/\/dalmadaesa.cl\/wp-content\/uploads\/2020\/08\/foto_03-8.jpg\" alt=\"\" width=\"640\" height=\"480\" class=\"size-full wp-image-1200\" srcset=\"https:\/\/dalmadaesa.cl\/wp-content\/uploads\/2020\/08\/foto_03-8.jpg 640w, https:\/\/dalmadaesa.cl\/wp-content\/uploads\/2020\/08\/foto_03-8-300x225.jpg 300w, https:\/\/dalmadaesa.cl\/wp-content\/uploads\/2020\/08\/foto_03-8-326x245.jpg 326w, https:\/\/dalmadaesa.cl\/wp-content\/uploads\/2020\/08\/foto_03-8-80x60.jpg 80w\" sizes=\"auto, (max-width: 640px) 100vw, 640px\" \/><p id=\"caption-attachment-1200\" class=\"wp-caption-text\">Vicente Do Nacimento y su se\u00f1ora, Amanda Aguiar.<\/p><\/div>\n<div id=\"attachment_1202\" style=\"width: 650px\" class=\"wp-caption aligncenter\"><img loading=\"lazy\" decoding=\"async\" aria-describedby=\"caption-attachment-1202\" src=\"http:\/\/dalmadaesa.cl\/wp-content\/uploads\/2020\/08\/foto_04-5.jpg\" alt=\"\" width=\"640\" height=\"347\" class=\"size-full wp-image-1202\" srcset=\"https:\/\/dalmadaesa.cl\/wp-content\/uploads\/2020\/08\/foto_04-5.jpg 640w, https:\/\/dalmadaesa.cl\/wp-content\/uploads\/2020\/08\/foto_04-5-300x163.jpg 300w\" sizes=\"auto, (max-width: 640px) 100vw, 640px\" \/><p id=\"caption-attachment-1202\" class=\"wp-caption-text\">El momento exacto en que se pide el plato de comida t\u00edpica local del litoral brasile\u00f1o.<\/p><\/div>\n<div id=\"attachment_1203\" style=\"width: 650px\" class=\"wp-caption aligncenter\"><img loading=\"lazy\" decoding=\"async\" aria-describedby=\"caption-attachment-1203\" src=\"http:\/\/dalmadaesa.cl\/wp-content\/uploads\/2020\/08\/foto_05-1.jpg\" alt=\"\" width=\"640\" height=\"441\" class=\"size-full wp-image-1203\" srcset=\"https:\/\/dalmadaesa.cl\/wp-content\/uploads\/2020\/08\/foto_05-1.jpg 640w, https:\/\/dalmadaesa.cl\/wp-content\/uploads\/2020\/08\/foto_05-1-300x207.jpg 300w\" sizes=\"auto, (max-width: 640px) 100vw, 640px\" \/><p id=\"caption-attachment-1203\" class=\"wp-caption-text\">La arquitectura colonial aun presente en las calles de Sao Sebastiao.<\/p><\/div>\n<div id=\"attachment_1204\" style=\"width: 650px\" class=\"wp-caption aligncenter\"><img loading=\"lazy\" decoding=\"async\" aria-describedby=\"caption-attachment-1204\" src=\"http:\/\/dalmadaesa.cl\/wp-content\/uploads\/2020\/08\/foto_06-1.jpg\" alt=\"\" width=\"640\" height=\"382\" class=\"size-full wp-image-1204\" srcset=\"https:\/\/dalmadaesa.cl\/wp-content\/uploads\/2020\/08\/foto_06-1.jpg 640w, https:\/\/dalmadaesa.cl\/wp-content\/uploads\/2020\/08\/foto_06-1-300x179.jpg 300w\" sizes=\"auto, (max-width: 640px) 100vw, 640px\" \/><p id=\"caption-attachment-1204\" class=\"wp-caption-text\">En el muelle la vida se transporta en ferris para cruzar a la isla o transportarse por el canal.<\/p><\/div>\n<div id=\"attachment_1205\" style=\"width: 583px\" class=\"wp-caption aligncenter\"><img loading=\"lazy\" decoding=\"async\" aria-describedby=\"caption-attachment-1205\" src=\"http:\/\/dalmadaesa.cl\/wp-content\/uploads\/2020\/08\/foto_07-2.jpg\" alt=\"\" width=\"573\" height=\"640\" class=\"size-full wp-image-1205\" srcset=\"https:\/\/dalmadaesa.cl\/wp-content\/uploads\/2020\/08\/foto_07-2.jpg 573w, https:\/\/dalmadaesa.cl\/wp-content\/uploads\/2020\/08\/foto_07-2-269x300.jpg 269w\" sizes=\"auto, (max-width: 573px) 100vw, 573px\" \/><p id=\"caption-attachment-1205\" class=\"wp-caption-text\">Monumento a Lu\u00eds Alves de Lima e Silva, el Duque de Caxias, primer ministro del Brasil en 1875, moderniz\u00f3 el sistema militar y electoral entre otras cosas. Hoy es una corporaci\u00f3n que colabora con la paz y la libertad de todas las personas y naciones del mundo.<\/p><\/div>\n","protected":false},"excerpt":{"rendered":"<p>Luego del seminario de intercambio y actividades de camarader\u00eda de Chile y Brasil, la DalmaDaesa continu\u00f3 sus paso recorriendo la ciudad de Sao Sebastiao, ciudad de unos 84 mil habitantes, cuyas playas corresponden a uno de los 15 municipios que el estado paulista promociona garantizando el turismo regional.<\/p>\n","protected":false},"author":6,"featured_media":1197,"comment_status":"closed","ping_status":"open","sticky":false,"template":"","format":"standard","meta":{"footnotes":""},"categories":[1],"tags":[],"class_list":["post-1201","post","type-post","status-publish","format-standard","has-post-thumbnail","hentry","category-general"],"_links":{"self":[{"href":"https:\/\/dalmadaesa.cl\/index.php?rest_route=\/wp\/v2\/posts\/1201","targetHints":{"allow":["GET"]}}],"collection":[{"href":"https:\/\/dalmadaesa.cl\/index.php?rest_route=\/wp\/v2\/posts"}],"about":[{"href":"https:\/\/dalmadaesa.cl\/index.php?rest_route=\/wp\/v2\/types\/post"}],"author":[{"embeddable":true,"href":"https:\/\/dalmadaesa.cl\/index.php?rest_route=\/wp\/v2\/users\/6"}],"replies":[{"embeddable":true,"href":"https:\/\/dalmadaesa.cl\/index.php?rest_route=%2Fwp%2Fv2%2Fcomments&post=1201"}],"version-history":[{"count":0,"href":"https:\/\/dalmadaesa.cl\/index.php?rest_route=\/wp\/v2\/posts\/1201\/revisions"}],"wp:featuredmedia":[{"embeddable":true,"href":"https:\/\/dalmadaesa.cl\/index.php?rest_route=\/wp\/v2\/media\/1197"}],"wp:attachment":[{"href":"https:\/\/dalmadaesa.cl\/index.php?rest_route=%2Fwp%2Fv2%2Fmedia&parent=1201"}],"wp:term":[{"taxonomy":"category","embeddable":true,"href":"https:\/\/dalmadaesa.cl\/index.php?rest_route=%2Fwp%2Fv2%2Fcategories&post=1201"},{"taxonomy":"post_tag","embeddable":true,"href":"https:\/\/dalmadaesa.cl\/index.php?rest_route=%2Fwp%2Fv2%2Ftags&post=1201"}],"curies":[{"name":"wp","href":"https:\/\/api.w.org\/{rel}","templated":true}]}}