{"id":1232,"date":"2018-07-02T12:00:44","date_gmt":"2018-07-02T12:00:44","guid":{"rendered":"http:\/\/dalmadaesa.cl\/?p=1232"},"modified":"2020-08-30T03:25:05","modified_gmt":"2020-08-30T03:25:05","slug":"dalma-daesa-en-brazil-games-taekwondo-festival-de-sao-paulo-de-2018","status":"publish","type":"post","link":"https:\/\/dalmadaesa.cl\/?p=1232","title":{"rendered":"Dalma Daesa en Brazil Games Taekwondo Festival de Sao Paulo de 2018"},"content":{"rendered":"<div id=\"attachment_1239\" style=\"width: 210px\" class=\"wp-caption aligncenter\"><img loading=\"lazy\" decoding=\"async\" aria-describedby=\"caption-attachment-1239\" src=\"http:\/\/dalmadaesa.cl\/wp-content\/uploads\/2020\/08\/FOTO-200-7.jpg\" alt=\"\" width=\"200\" height=\"200\" class=\"size-full wp-image-1239\" srcset=\"https:\/\/dalmadaesa.cl\/wp-content\/uploads\/2020\/08\/FOTO-200-7.jpg 200w, https:\/\/dalmadaesa.cl\/wp-content\/uploads\/2020\/08\/FOTO-200-7-150x150.jpg 150w\" sizes=\"auto, (max-width: 200px) 100vw, 200px\" \/><p id=\"caption-attachment-1239\" class=\"wp-caption-text\">La Dalma Daesa junto a los amigos brasile\u00f1os.<\/p><\/div>\n<p style=\"text-align: justify;\">La villa de Sao Paulo de Piratininga fue fundada por los jesuitas en enero de 1554. Hoy es m\u00e1s conocida como ciudad de Sao Paulo, en Brasil. Y este a\u00f1o en el mes de junio, en esta misma ciudad de 500 a\u00f1os de historia, realiz\u00f3 otra historia m\u00e1s en el barrio de Liberdade, el Campeonato Internacional \u00abBrazil Games Taekwondo Festival\u00bb y 3\u00b0 Copa Kukkiwon, entre los d\u00edas 28 de junio y el 1 de julio.<\/p>\n<p style=\"text-align: justify;\">La Dalma Daesa se hizo presente con su delegaci\u00f3n obteniendo excelentes resultados.<\/p>\n<div id=\"attachment_1233\" style=\"width: 522px\" class=\"wp-caption aligncenter\"><img loading=\"lazy\" decoding=\"async\" aria-describedby=\"caption-attachment-1233\" src=\"http:\/\/dalmadaesa.cl\/wp-content\/uploads\/2020\/08\/foto_01-11.jpg\" alt=\"\" width=\"512\" height=\"640\" class=\"size-full wp-image-1233\" srcset=\"https:\/\/dalmadaesa.cl\/wp-content\/uploads\/2020\/08\/foto_01-11.jpg 512w, https:\/\/dalmadaesa.cl\/wp-content\/uploads\/2020\/08\/foto_01-11-240x300.jpg 240w\" sizes=\"auto, (max-width: 512px) 100vw, 512px\" \/><p id=\"caption-attachment-1233\" class=\"wp-caption-text\">Afiche Brazil Game Taekwondo Festival, 2018<\/p><\/div>\n<div id=\"attachment_1234\" style=\"width: 380px\" class=\"wp-caption aligncenter\"><img loading=\"lazy\" decoding=\"async\" aria-describedby=\"caption-attachment-1234\" src=\"http:\/\/dalmadaesa.cl\/wp-content\/uploads\/2020\/08\/foto_02-12.jpg\" alt=\"\" width=\"370\" height=\"640\" class=\"size-full wp-image-1234\" srcset=\"https:\/\/dalmadaesa.cl\/wp-content\/uploads\/2020\/08\/foto_02-12.jpg 370w, https:\/\/dalmadaesa.cl\/wp-content\/uploads\/2020\/08\/foto_02-12-173x300.jpg 173w\" sizes=\"auto, (max-width: 370px) 100vw, 370px\" \/><p id=\"caption-attachment-1234\" class=\"wp-caption-text\">Primer lugar junto a Sabonim Rafael Santos.<\/p><\/div>\n<p style=\"text-align: justify;\">La Kukkiwon es la organizaci\u00f3n reguladora oficial del Taekwondo, establecida por el gobierno de Corea del Sur en 1972. Es el \u00fanico instituto de Taekwondo que promueve los rangos de Dan, reconocido por la World Taekwondo Federation (WTF) hoy World Taekwondo (WT), y responsable de promover el Taekwondo a su estado de deporte internacional.<\/p>\n<div id=\"attachment_1235\" style=\"width: 650px\" class=\"wp-caption aligncenter\"><img loading=\"lazy\" decoding=\"async\" aria-describedby=\"caption-attachment-1235\" src=\"http:\/\/dalmadaesa.cl\/wp-content\/uploads\/2020\/08\/foto_03-12.jpg\" alt=\"\" width=\"640\" height=\"394\" class=\"size-full wp-image-1235\" srcset=\"https:\/\/dalmadaesa.cl\/wp-content\/uploads\/2020\/08\/foto_03-12.jpg 640w, https:\/\/dalmadaesa.cl\/wp-content\/uploads\/2020\/08\/foto_03-12-300x185.jpg 300w\" sizes=\"auto, (max-width: 640px) 100vw, 640px\" \/><p id=\"caption-attachment-1235\" class=\"wp-caption-text\">El equipo Dalm aDaesa y el equipo argentino.<\/p><\/div>\n<div id=\"attachment_1236\" style=\"width: 650px\" class=\"wp-caption aligncenter\"><img loading=\"lazy\" decoding=\"async\" aria-describedby=\"caption-attachment-1236\" src=\"http:\/\/dalmadaesa.cl\/wp-content\/uploads\/2020\/08\/foto_04-9.jpg\" alt=\"\" width=\"640\" height=\"366\" class=\"size-full wp-image-1236\" srcset=\"https:\/\/dalmadaesa.cl\/wp-content\/uploads\/2020\/08\/foto_04-9.jpg 640w, https:\/\/dalmadaesa.cl\/wp-content\/uploads\/2020\/08\/foto_04-9-300x172.jpg 300w\" sizes=\"auto, (max-width: 640px) 100vw, 640px\" \/><p id=\"caption-attachment-1236\" class=\"wp-caption-text\">Un encuentro de taekwondistas de distintos pa\u00edses.<\/p><\/div>\n<div id=\"attachment_1237\" style=\"width: 650px\" class=\"wp-caption aligncenter\"><img loading=\"lazy\" decoding=\"async\" aria-describedby=\"caption-attachment-1237\" src=\"http:\/\/dalmadaesa.cl\/wp-content\/uploads\/2020\/08\/foto_05-5.jpg\" alt=\"\" width=\"640\" height=\"449\" class=\"size-full wp-image-1237\" srcset=\"https:\/\/dalmadaesa.cl\/wp-content\/uploads\/2020\/08\/foto_05-5.jpg 640w, https:\/\/dalmadaesa.cl\/wp-content\/uploads\/2020\/08\/foto_05-5-300x210.jpg 300w\" sizes=\"auto, (max-width: 640px) 100vw, 640px\" \/><p id=\"caption-attachment-1237\" class=\"wp-caption-text\">La pr\u00e1ctica de la t\u00e9cnica b\u00e1sica en el en el Taekwondo festival.<\/p><\/div>\n<div id=\"attachment_1238\" style=\"width: 650px\" class=\"wp-caption aligncenter\"><img loading=\"lazy\" decoding=\"async\" aria-describedby=\"caption-attachment-1238\" src=\"http:\/\/dalmadaesa.cl\/wp-content\/uploads\/2020\/08\/foto_06-3.jpg\" alt=\"\" width=\"640\" height=\"360\" class=\"size-full wp-image-1238\" srcset=\"https:\/\/dalmadaesa.cl\/wp-content\/uploads\/2020\/08\/foto_06-3.jpg 640w, https:\/\/dalmadaesa.cl\/wp-content\/uploads\/2020\/08\/foto_06-3-300x169.jpg 300w\" sizes=\"auto, (max-width: 640px) 100vw, 640px\" \/><p id=\"caption-attachment-1238\" class=\"wp-caption-text\">Combate de duplas.<\/p><\/div>\n","protected":false},"excerpt":{"rendered":"<p>La villa de Sao Paulo de Piratininga fue fundada por los jesuitas en enero de 1554. Hoy es m\u00e1s conocida como ciudad de Sao Paulo, en Brasil. Y este a\u00f1o en el mes de junio, en esta misma ciudad de 500 a\u00f1os de historia, realiz\u00f3 otra historia m\u00e1s en el barrio de Liberdade, el Campeonato&hellip; <br \/> <a class=\"read-more\" href=\"https:\/\/dalmadaesa.cl\/?p=1232\">Leer m\u00e1s<\/a><\/p>\n","protected":false},"author":6,"featured_media":1239,"comment_status":"closed","ping_status":"open","sticky":false,"template":"","format":"standard","meta":{"footnotes":""},"categories":[1],"tags":[],"class_list":["post-1232","post","type-post","status-publish","format-standard","has-post-thumbnail","hentry","category-general"],"_links":{"self":[{"href":"https:\/\/dalmadaesa.cl\/index.php?rest_route=\/wp\/v2\/posts\/1232","targetHints":{"allow":["GET"]}}],"collection":[{"href":"https:\/\/dalmadaesa.cl\/index.php?rest_route=\/wp\/v2\/posts"}],"about":[{"href":"https:\/\/dalmadaesa.cl\/index.php?rest_route=\/wp\/v2\/types\/post"}],"author":[{"embeddable":true,"href":"https:\/\/dalmadaesa.cl\/index.php?rest_route=\/wp\/v2\/users\/6"}],"replies":[{"embeddable":true,"href":"https:\/\/dalmadaesa.cl\/index.php?rest_route=%2Fwp%2Fv2%2Fcomments&post=1232"}],"version-history":[{"count":0,"href":"https:\/\/dalmadaesa.cl\/index.php?rest_route=\/wp\/v2\/posts\/1232\/revisions"}],"wp:featuredmedia":[{"embeddable":true,"href":"https:\/\/dalmadaesa.cl\/index.php?rest_route=\/wp\/v2\/media\/1239"}],"wp:attachment":[{"href":"https:\/\/dalmadaesa.cl\/index.php?rest_route=%2Fwp%2Fv2%2Fmedia&parent=1232"}],"wp:term":[{"taxonomy":"category","embeddable":true,"href":"https:\/\/dalmadaesa.cl\/index.php?rest_route=%2Fwp%2Fv2%2Fcategories&post=1232"},{"taxonomy":"post_tag","embeddable":true,"href":"https:\/\/dalmadaesa.cl\/index.php?rest_route=%2Fwp%2Fv2%2Ftags&post=1232"}],"curies":[{"name":"wp","href":"https:\/\/api.w.org\/{rel}","templated":true}]}}