{"id":1241,"date":"2018-11-30T02:06:35","date_gmt":"2018-11-30T02:06:35","guid":{"rendered":"http:\/\/dalmadaesa.cl\/?p=1241"},"modified":"2020-08-30T03:25:05","modified_gmt":"2020-08-30T03:25:05","slug":"cierre-de-ano-2018-de-la-dalma-daesa","status":"publish","type":"post","link":"https:\/\/dalmadaesa.cl\/?p=1241","title":{"rendered":"Cierre de a\u00f1o 2018 de la Dalma Daesa"},"content":{"rendered":"<div id=\"attachment_1246\" style=\"width: 210px\" class=\"wp-caption aligncenter\"><img loading=\"lazy\" decoding=\"async\" aria-describedby=\"caption-attachment-1246\" src=\"http:\/\/dalmadaesa.cl\/wp-content\/uploads\/2020\/08\/FOTO-200-8.jpg\" alt=\"\" width=\"200\" height=\"200\" class=\"size-full wp-image-1246\" srcset=\"https:\/\/dalmadaesa.cl\/wp-content\/uploads\/2020\/08\/FOTO-200-8.jpg 200w, https:\/\/dalmadaesa.cl\/wp-content\/uploads\/2020\/08\/FOTO-200-8-150x150.jpg 150w\" sizes=\"auto, (max-width: 200px) 100vw, 200px\" \/><p id=\"caption-attachment-1246\" class=\"wp-caption-text\">Los instructores y sus alumnos, sentados en medio de una reflexi\u00f3n.<\/p><\/div>\n<p style=\"text-align: justify;\">Despu\u00e9s de un a\u00f1o de arduo trabajo con los alumnos, ellos y sus instructores se han reunido para cerrar el a\u00f1o deportivo en un encuentro enfocado a Competencia de Exhibiciones y cierre de a\u00f1o de las actividades, en el estadio del Banco de Chile.<\/p>\n<div id=\"attachment_1242\" style=\"width: 650px\" class=\"wp-caption aligncenter\"><img loading=\"lazy\" decoding=\"async\" aria-describedby=\"caption-attachment-1242\" src=\"http:\/\/dalmadaesa.cl\/wp-content\/uploads\/2020\/08\/FOTO_01-1.jpg\" alt=\"\" width=\"640\" height=\"480\" class=\"size-full wp-image-1242\" srcset=\"https:\/\/dalmadaesa.cl\/wp-content\/uploads\/2020\/08\/FOTO_01-1.jpg 640w, https:\/\/dalmadaesa.cl\/wp-content\/uploads\/2020\/08\/FOTO_01-1-300x225.jpg 300w, https:\/\/dalmadaesa.cl\/wp-content\/uploads\/2020\/08\/FOTO_01-1-326x245.jpg 326w, https:\/\/dalmadaesa.cl\/wp-content\/uploads\/2020\/08\/FOTO_01-1-80x60.jpg 80w\" sizes=\"auto, (max-width: 640px) 100vw, 640px\" \/><p id=\"caption-attachment-1242\" class=\"wp-caption-text\">La formaci\u00f3n como acto pedag\u00f3gico de acto solemne mutuo respeto.<\/p><\/div>\n<div id=\"attachment_1243\" style=\"width: 650px\" class=\"wp-caption aligncenter\"><img loading=\"lazy\" decoding=\"async\" aria-describedby=\"caption-attachment-1243\" src=\"http:\/\/dalmadaesa.cl\/wp-content\/uploads\/2020\/08\/foto_02-13.jpg\" alt=\"\" width=\"640\" height=\"546\" class=\"size-full wp-image-1243\" srcset=\"https:\/\/dalmadaesa.cl\/wp-content\/uploads\/2020\/08\/foto_02-13.jpg 640w, https:\/\/dalmadaesa.cl\/wp-content\/uploads\/2020\/08\/foto_02-13-300x256.jpg 300w\" sizes=\"auto, (max-width: 640px) 100vw, 640px\" \/><p id=\"caption-attachment-1243\" class=\"wp-caption-text\">El instructor guiando a sus alumnos.<\/p><\/div>\n<div id=\"attachment_1244\" style=\"width: 650px\" class=\"wp-caption aligncenter\"><img loading=\"lazy\" decoding=\"async\" aria-describedby=\"caption-attachment-1244\" src=\"http:\/\/dalmadaesa.cl\/wp-content\/uploads\/2020\/08\/foto_03-13.jpg\" alt=\"\" width=\"640\" height=\"454\" class=\"size-full wp-image-1244\" srcset=\"https:\/\/dalmadaesa.cl\/wp-content\/uploads\/2020\/08\/foto_03-13.jpg 640w, https:\/\/dalmadaesa.cl\/wp-content\/uploads\/2020\/08\/foto_03-13-300x213.jpg 300w\" sizes=\"auto, (max-width: 640px) 100vw, 640px\" \/><p id=\"caption-attachment-1244\" class=\"wp-caption-text\">Un breve momento pero no por ello menos importante.<\/p><\/div>\n<div id=\"attachment_1245\" style=\"width: 650px\" class=\"wp-caption aligncenter\"><img loading=\"lazy\" decoding=\"async\" aria-describedby=\"caption-attachment-1245\" src=\"http:\/\/dalmadaesa.cl\/wp-content\/uploads\/2020\/08\/foto_04-10.jpg\" alt=\"\" width=\"640\" height=\"326\" class=\"size-full wp-image-1245\" srcset=\"https:\/\/dalmadaesa.cl\/wp-content\/uploads\/2020\/08\/foto_04-10.jpg 640w, https:\/\/dalmadaesa.cl\/wp-content\/uploads\/2020\/08\/foto_04-10-300x153.jpg 300w\" sizes=\"auto, (max-width: 640px) 100vw, 640px\" \/><p id=\"caption-attachment-1245\" class=\"wp-caption-text\">La pr\u00e1ctica de las formas por color, una antigua tradici\u00f3n de entrenamiento.<\/p><\/div>\n","protected":false},"excerpt":{"rendered":"<p>Despu\u00e9s de un a\u00f1o de arduo trabajo con los alumnos, ellos y sus instructores se han reunido para cerrar el a\u00f1o deportivo en un encuentro enfocado a Competencia de Exhibiciones y cierre de a\u00f1o de las actividades, en el estadio del Banco de Chile.<\/p>\n","protected":false},"author":6,"featured_media":1246,"comment_status":"closed","ping_status":"open","sticky":false,"template":"","format":"standard","meta":{"footnotes":""},"categories":[1],"tags":[],"class_list":["post-1241","post","type-post","status-publish","format-standard","has-post-thumbnail","hentry","category-general"],"_links":{"self":[{"href":"https:\/\/dalmadaesa.cl\/index.php?rest_route=\/wp\/v2\/posts\/1241","targetHints":{"allow":["GET"]}}],"collection":[{"href":"https:\/\/dalmadaesa.cl\/index.php?rest_route=\/wp\/v2\/posts"}],"about":[{"href":"https:\/\/dalmadaesa.cl\/index.php?rest_route=\/wp\/v2\/types\/post"}],"author":[{"embeddable":true,"href":"https:\/\/dalmadaesa.cl\/index.php?rest_route=\/wp\/v2\/users\/6"}],"replies":[{"embeddable":true,"href":"https:\/\/dalmadaesa.cl\/index.php?rest_route=%2Fwp%2Fv2%2Fcomments&post=1241"}],"version-history":[{"count":0,"href":"https:\/\/dalmadaesa.cl\/index.php?rest_route=\/wp\/v2\/posts\/1241\/revisions"}],"wp:featuredmedia":[{"embeddable":true,"href":"https:\/\/dalmadaesa.cl\/index.php?rest_route=\/wp\/v2\/media\/1246"}],"wp:attachment":[{"href":"https:\/\/dalmadaesa.cl\/index.php?rest_route=%2Fwp%2Fv2%2Fmedia&parent=1241"}],"wp:term":[{"taxonomy":"category","embeddable":true,"href":"https:\/\/dalmadaesa.cl\/index.php?rest_route=%2Fwp%2Fv2%2Fcategories&post=1241"},{"taxonomy":"post_tag","embeddable":true,"href":"https:\/\/dalmadaesa.cl\/index.php?rest_route=%2Fwp%2Fv2%2Ftags&post=1241"}],"curies":[{"name":"wp","href":"https:\/\/api.w.org\/{rel}","templated":true}]}}