{"id":1247,"date":"2018-11-25T18:11:33","date_gmt":"2018-11-25T18:11:33","guid":{"rendered":"http:\/\/dalmadaesa.cl\/?p=1247"},"modified":"2020-08-30T03:25:05","modified_gmt":"2020-08-30T03:25:05","slug":"campeonato-escolar-copa-europa-2018","status":"publish","type":"post","link":"https:\/\/dalmadaesa.cl\/?p=1247","title":{"rendered":"Campeonato Escolar \u201cCopa Europa\u201d 2018"},"content":{"rendered":"<div id=\"attachment_1254\" style=\"width: 210px\" class=\"wp-caption aligncenter\"><img loading=\"lazy\" decoding=\"async\" aria-describedby=\"caption-attachment-1254\" src=\"http:\/\/dalmadaesa.cl\/wp-content\/uploads\/2020\/08\/FOTO-200-9.jpg\" alt=\"\" width=\"200\" height=\"200\" class=\"size-full wp-image-1254\" srcset=\"https:\/\/dalmadaesa.cl\/wp-content\/uploads\/2020\/08\/FOTO-200-9.jpg 200w, https:\/\/dalmadaesa.cl\/wp-content\/uploads\/2020\/08\/FOTO-200-9-150x150.jpg 150w\" sizes=\"auto, (max-width: 200px) 100vw, 200px\" \/><p id=\"caption-attachment-1254\" class=\"wp-caption-text\">Las mujeres en su inicio de edad preparadas para el encuentro.<\/p><\/div>\n<p style=\"text-align: justify;\">El Campeonato Escolar \u00abCopa Europa\u00bb organizado por nuestra Asociaci\u00f3n Deportiva Dalma Daesa, cont\u00f3 con la con la participaci\u00f3n de las Asociaci\u00f3n Deportiva \u00abCirculo de Quir\u00f3n\u00bb de la comuna de San Miguel, y Asociaci\u00f3n Valpara\u00edso como escuelas afiliadas a la Asociaci\u00f3n. La jornada nuevamente fue animada por la extensa participaci\u00f3n de los j\u00f3venes deportistas, entre ellos el club deportivo Banco de Chile Agoge, due\u00f1os de casa que siempre acogen con gran entusiasmo a este gran certamen y sano encuentro.<\/p>\n<div id=\"attachment_1248\" style=\"width: 597px\" class=\"wp-caption aligncenter\"><img loading=\"lazy\" decoding=\"async\" aria-describedby=\"caption-attachment-1248\" src=\"http:\/\/dalmadaesa.cl\/wp-content\/uploads\/2020\/08\/foto_01-12.jpg\" alt=\"\" width=\"587\" height=\"640\" class=\"size-full wp-image-1248\" srcset=\"https:\/\/dalmadaesa.cl\/wp-content\/uploads\/2020\/08\/foto_01-12.jpg 587w, https:\/\/dalmadaesa.cl\/wp-content\/uploads\/2020\/08\/foto_01-12-275x300.jpg 275w\" sizes=\"auto, (max-width: 587px) 100vw, 587px\" \/><p id=\"caption-attachment-1248\" class=\"wp-caption-text\">En la primera infancia el combate entre hombres y mujeres los convierte en iguales.<\/p><\/div>\n<div id=\"attachment_1249\" style=\"width: 650px\" class=\"wp-caption aligncenter\"><img loading=\"lazy\" decoding=\"async\" aria-describedby=\"caption-attachment-1249\" src=\"http:\/\/dalmadaesa.cl\/wp-content\/uploads\/2020\/08\/foto_02-14.jpg\" alt=\"\" width=\"640\" height=\"452\" class=\"size-full wp-image-1249\" srcset=\"https:\/\/dalmadaesa.cl\/wp-content\/uploads\/2020\/08\/foto_02-14.jpg 640w, https:\/\/dalmadaesa.cl\/wp-content\/uploads\/2020\/08\/foto_02-14-300x212.jpg 300w\" sizes=\"auto, (max-width: 640px) 100vw, 640px\" \/><p id=\"caption-attachment-1249\" class=\"wp-caption-text\">Acto solemne entre las escuelas participantes y sus instructores, s\u00edmbolo de respeto.<\/p><\/div>\n<div id=\"attachment_1250\" style=\"width: 650px\" class=\"wp-caption aligncenter\"><img loading=\"lazy\" decoding=\"async\" aria-describedby=\"caption-attachment-1250\" src=\"http:\/\/dalmadaesa.cl\/wp-content\/uploads\/2020\/08\/foto_03-14.jpg\" alt=\"\" width=\"640\" height=\"480\" class=\"size-full wp-image-1250\" srcset=\"https:\/\/dalmadaesa.cl\/wp-content\/uploads\/2020\/08\/foto_03-14.jpg 640w, https:\/\/dalmadaesa.cl\/wp-content\/uploads\/2020\/08\/foto_03-14-300x225.jpg 300w, https:\/\/dalmadaesa.cl\/wp-content\/uploads\/2020\/08\/foto_03-14-326x245.jpg 326w, https:\/\/dalmadaesa.cl\/wp-content\/uploads\/2020\/08\/foto_03-14-80x60.jpg 80w\" sizes=\"auto, (max-width: 640px) 100vw, 640px\" \/><p id=\"caption-attachment-1250\" class=\"wp-caption-text\">La juventud siempre lleva la vida a velocidades vertiginosas.<\/p><\/div>\n<div id=\"attachment_1251\" style=\"width: 650px\" class=\"wp-caption aligncenter\"><img loading=\"lazy\" decoding=\"async\" aria-describedby=\"caption-attachment-1251\" src=\"http:\/\/dalmadaesa.cl\/wp-content\/uploads\/2020\/08\/foto_04-11.jpg\" alt=\"\" width=\"640\" height=\"360\" class=\"size-full wp-image-1251\" srcset=\"https:\/\/dalmadaesa.cl\/wp-content\/uploads\/2020\/08\/foto_04-11.jpg 640w, https:\/\/dalmadaesa.cl\/wp-content\/uploads\/2020\/08\/foto_04-11-300x169.jpg 300w\" sizes=\"auto, (max-width: 640px) 100vw, 640px\" \/><p id=\"caption-attachment-1251\" class=\"wp-caption-text\">El reconocimiento al esfuerzo es desde el principio.<\/p><\/div>\n<div id=\"attachment_1252\" style=\"width: 472px\" class=\"wp-caption aligncenter\"><img loading=\"lazy\" decoding=\"async\" aria-describedby=\"caption-attachment-1252\" src=\"http:\/\/dalmadaesa.cl\/wp-content\/uploads\/2020\/08\/foto_05-6.jpg\" alt=\"\" width=\"462\" height=\"640\" class=\"size-full wp-image-1252\" srcset=\"https:\/\/dalmadaesa.cl\/wp-content\/uploads\/2020\/08\/foto_05-6.jpg 462w, https:\/\/dalmadaesa.cl\/wp-content\/uploads\/2020\/08\/foto_05-6-217x300.jpg 217w\" sizes=\"auto, (max-width: 462px) 100vw, 462px\" \/><p id=\"caption-attachment-1252\" class=\"wp-caption-text\">Un peque\u00f1o combate entre entre ni\u00f1os, un gran vinculo.<\/p><\/div>\n<div id=\"attachment_1253\" style=\"width: 650px\" class=\"wp-caption aligncenter\"><img loading=\"lazy\" decoding=\"async\" aria-describedby=\"caption-attachment-1253\" src=\"http:\/\/dalmadaesa.cl\/wp-content\/uploads\/2020\/08\/foto_06-4.jpg\" alt=\"\" width=\"640\" height=\"575\" class=\"size-full wp-image-1253\" srcset=\"https:\/\/dalmadaesa.cl\/wp-content\/uploads\/2020\/08\/foto_06-4.jpg 640w, https:\/\/dalmadaesa.cl\/wp-content\/uploads\/2020\/08\/foto_06-4-300x270.jpg 300w\" sizes=\"auto, (max-width: 640px) 100vw, 640px\" \/><p id=\"caption-attachment-1253\" class=\"wp-caption-text\">Las formas, poomse, un esquema de entrenamiento.<\/p><\/div>\n","protected":false},"excerpt":{"rendered":"<p>El Campeonato Escolar \u00abCopa Europa\u00bb organizado por nuestra Asociaci\u00f3n Deportiva Dalma Daesa, cont\u00f3 con la con la participaci\u00f3n de las Asociaci\u00f3n Deportiva \u00abCirculo de Quir\u00f3n\u00bb de la comuna de San Miguel, y Asociaci\u00f3n Valpara\u00edso como escuelas afiliadas a la Asociaci\u00f3n. La jornada nuevamente fue animada por la extensa participaci\u00f3n de los j\u00f3venes deportistas, entre ellos&hellip; <br \/> <a class=\"read-more\" href=\"https:\/\/dalmadaesa.cl\/?p=1247\">Leer m\u00e1s<\/a><\/p>\n","protected":false},"author":6,"featured_media":1254,"comment_status":"closed","ping_status":"open","sticky":false,"template":"","format":"standard","meta":{"footnotes":""},"categories":[1],"tags":[],"class_list":["post-1247","post","type-post","status-publish","format-standard","has-post-thumbnail","hentry","category-general"],"_links":{"self":[{"href":"https:\/\/dalmadaesa.cl\/index.php?rest_route=\/wp\/v2\/posts\/1247","targetHints":{"allow":["GET"]}}],"collection":[{"href":"https:\/\/dalmadaesa.cl\/index.php?rest_route=\/wp\/v2\/posts"}],"about":[{"href":"https:\/\/dalmadaesa.cl\/index.php?rest_route=\/wp\/v2\/types\/post"}],"author":[{"embeddable":true,"href":"https:\/\/dalmadaesa.cl\/index.php?rest_route=\/wp\/v2\/users\/6"}],"replies":[{"embeddable":true,"href":"https:\/\/dalmadaesa.cl\/index.php?rest_route=%2Fwp%2Fv2%2Fcomments&post=1247"}],"version-history":[{"count":0,"href":"https:\/\/dalmadaesa.cl\/index.php?rest_route=\/wp\/v2\/posts\/1247\/revisions"}],"wp:featuredmedia":[{"embeddable":true,"href":"https:\/\/dalmadaesa.cl\/index.php?rest_route=\/wp\/v2\/media\/1254"}],"wp:attachment":[{"href":"https:\/\/dalmadaesa.cl\/index.php?rest_route=%2Fwp%2Fv2%2Fmedia&parent=1247"}],"wp:term":[{"taxonomy":"category","embeddable":true,"href":"https:\/\/dalmadaesa.cl\/index.php?rest_route=%2Fwp%2Fv2%2Fcategories&post=1247"},{"taxonomy":"post_tag","embeddable":true,"href":"https:\/\/dalmadaesa.cl\/index.php?rest_route=%2Fwp%2Fv2%2Ftags&post=1247"}],"curies":[{"name":"wp","href":"https:\/\/api.w.org\/{rel}","templated":true}]}}