{"id":1266,"date":"2018-07-07T20:26:16","date_gmt":"2018-07-07T20:26:16","guid":{"rendered":"http:\/\/dalmadaesa.cl\/?p=1266"},"modified":"2020-08-30T03:25:05","modified_gmt":"2020-08-30T03:25:05","slug":"encuentro-de-camaraderia-en-sao-jose-dos-campos","status":"publish","type":"post","link":"https:\/\/dalmadaesa.cl\/?p=1266","title":{"rendered":"Encuentro de camarader\u00eda en Sao Jos\u00e9 Dos Campos."},"content":{"rendered":"<div id=\"attachment_1265\" style=\"width: 210px\" class=\"wp-caption aligncenter\"><img loading=\"lazy\" decoding=\"async\" aria-describedby=\"caption-attachment-1265\" src=\"http:\/\/dalmadaesa.cl\/wp-content\/uploads\/2020\/08\/FOTO-200-11.jpg\" alt=\"\" width=\"200\" height=\"200\" class=\"size-full wp-image-1265\" srcset=\"https:\/\/dalmadaesa.cl\/wp-content\/uploads\/2020\/08\/FOTO-200-11.jpg 200w, https:\/\/dalmadaesa.cl\/wp-content\/uploads\/2020\/08\/FOTO-200-11-150x150.jpg 150w\" sizes=\"auto, (max-width: 200px) 100vw, 200px\" \/><p id=\"caption-attachment-1265\" class=\"wp-caption-text\">Mestre Francisco \u201cSito\u201d Taboada y Sabonim Rafael Santo en el encuentro de camarader\u00eda.<\/p><\/div>\n<p style=\"text-align: justify;\">En la localidad de Sao Jos\u00e9 Dos Campos, al sur de Brasil, pero no tan al sur, se realiz\u00f3 un encuentro de camarader\u00eda, entre la escuela del Mestre Guilherme Duarte, Mestre Francisco \u201cSito\u201d Taboada y Dalma Daesa de Chile.<\/p>\n<div id=\"attachment_1262\" style=\"width: 650px\" class=\"wp-caption aligncenter\"><img loading=\"lazy\" decoding=\"async\" aria-describedby=\"caption-attachment-1262\" src=\"http:\/\/dalmadaesa.cl\/wp-content\/uploads\/2020\/08\/foto_01-14.jpg\" alt=\"\" width=\"640\" height=\"428\" class=\"size-full wp-image-1262\" srcset=\"https:\/\/dalmadaesa.cl\/wp-content\/uploads\/2020\/08\/foto_01-14.jpg 640w, https:\/\/dalmadaesa.cl\/wp-content\/uploads\/2020\/08\/foto_01-14-300x201.jpg 300w\" sizes=\"auto, (max-width: 640px) 100vw, 640px\" \/><p id=\"caption-attachment-1262\" class=\"wp-caption-text\">La Dalma Daesa junto a Mestre Francisco \u201cSito\u201d Taboada.<\/p><\/div>\n<p style=\"text-align: justify;\">Sao Jos\u00e9 dos Campos es un municipio del Estado de S\u00e3o Paulo, cuyos inicios se remontan en el tiempo hacia mediado del s. XVII, con la creaci\u00f3n de aldeas vinculadas al cultivo del caf\u00e9 y posteriormente a la producci\u00f3n de algod\u00f3n.<\/p>\n<p style=\"text-align: justify;\">No obstante en la actualidad Sao Jos\u00e9 dos Campos es considerado el mayor centro de investigaciones en alta tecnolog\u00eda, automovil\u00edstico y de telecomunicaciones, metal\u00fargica y sede del mayor complejo aeroespacial de Latinoam\u00e9rica.<\/p>\n<div id=\"attachment_1263\" style=\"width: 650px\" class=\"wp-caption aligncenter\"><img loading=\"lazy\" decoding=\"async\" aria-describedby=\"caption-attachment-1263\" src=\"http:\/\/dalmadaesa.cl\/wp-content\/uploads\/2020\/08\/foto_02-16.jpg\" alt=\"\" width=\"640\" height=\"460\" class=\"size-full wp-image-1263\" srcset=\"https:\/\/dalmadaesa.cl\/wp-content\/uploads\/2020\/08\/foto_02-16.jpg 640w, https:\/\/dalmadaesa.cl\/wp-content\/uploads\/2020\/08\/foto_02-16-300x216.jpg 300w\" sizes=\"auto, (max-width: 640px) 100vw, 640px\" \/><p id=\"caption-attachment-1263\" class=\"wp-caption-text\">Comensales en otro momento del encuentro de camarader\u00eda.<\/p><\/div>\n<div id=\"attachment_1264\" style=\"width: 490px\" class=\"wp-caption aligncenter\"><img loading=\"lazy\" decoding=\"async\" aria-describedby=\"caption-attachment-1264\" src=\"http:\/\/dalmadaesa.cl\/wp-content\/uploads\/2020\/08\/foto_03-16.jpg\" alt=\"\" width=\"480\" height=\"640\" class=\"size-full wp-image-1264\" srcset=\"https:\/\/dalmadaesa.cl\/wp-content\/uploads\/2020\/08\/foto_03-16.jpg 480w, https:\/\/dalmadaesa.cl\/wp-content\/uploads\/2020\/08\/foto_03-16-225x300.jpg 225w\" sizes=\"auto, (max-width: 480px) 100vw, 480px\" \/><p id=\"caption-attachment-1264\" class=\"wp-caption-text\">Los ni\u00f1os tambi\u00e9n presentes y en que mejor momento!.<\/p><\/div>\n","protected":false},"excerpt":{"rendered":"<p>En la localidad de Sao Jos\u00e9 Dos Campos, al sur de Brasil, pero no tan al sur, se realiz\u00f3 un encuentro de camarader\u00eda, entre la escuela del Mestre Guilherme Duarte, Mestre Francisco \u201cSito\u201d Taboada y Dalma Daesa de Chile. Sao Jos\u00e9 dos Campos es un municipio del Estado de S\u00e3o Paulo, cuyos inicios se remontan&hellip; <br \/> <a class=\"read-more\" href=\"https:\/\/dalmadaesa.cl\/?p=1266\">Leer m\u00e1s<\/a><\/p>\n","protected":false},"author":6,"featured_media":1265,"comment_status":"closed","ping_status":"open","sticky":false,"template":"","format":"standard","meta":{"footnotes":""},"categories":[1],"tags":[],"class_list":["post-1266","post","type-post","status-publish","format-standard","has-post-thumbnail","hentry","category-general"],"_links":{"self":[{"href":"https:\/\/dalmadaesa.cl\/index.php?rest_route=\/wp\/v2\/posts\/1266","targetHints":{"allow":["GET"]}}],"collection":[{"href":"https:\/\/dalmadaesa.cl\/index.php?rest_route=\/wp\/v2\/posts"}],"about":[{"href":"https:\/\/dalmadaesa.cl\/index.php?rest_route=\/wp\/v2\/types\/post"}],"author":[{"embeddable":true,"href":"https:\/\/dalmadaesa.cl\/index.php?rest_route=\/wp\/v2\/users\/6"}],"replies":[{"embeddable":true,"href":"https:\/\/dalmadaesa.cl\/index.php?rest_route=%2Fwp%2Fv2%2Fcomments&post=1266"}],"version-history":[{"count":0,"href":"https:\/\/dalmadaesa.cl\/index.php?rest_route=\/wp\/v2\/posts\/1266\/revisions"}],"wp:featuredmedia":[{"embeddable":true,"href":"https:\/\/dalmadaesa.cl\/index.php?rest_route=\/wp\/v2\/media\/1265"}],"wp:attachment":[{"href":"https:\/\/dalmadaesa.cl\/index.php?rest_route=%2Fwp%2Fv2%2Fmedia&parent=1266"}],"wp:term":[{"taxonomy":"category","embeddable":true,"href":"https:\/\/dalmadaesa.cl\/index.php?rest_route=%2Fwp%2Fv2%2Fcategories&post=1266"},{"taxonomy":"post_tag","embeddable":true,"href":"https:\/\/dalmadaesa.cl\/index.php?rest_route=%2Fwp%2Fv2%2Ftags&post=1266"}],"curies":[{"name":"wp","href":"https:\/\/api.w.org\/{rel}","templated":true}]}}