{"id":1272,"date":"2018-10-30T20:43:46","date_gmt":"2018-10-30T20:43:46","guid":{"rendered":"http:\/\/dalmadaesa.cl\/?p=1272"},"modified":"2020-08-30T03:25:05","modified_gmt":"2020-08-30T03:25:05","slug":"taekwondo-open-chile-2018","status":"publish","type":"post","link":"https:\/\/dalmadaesa.cl\/?p=1272","title":{"rendered":"Taekwondo Open Chile 2018"},"content":{"rendered":"<div id=\"attachment_1277\" style=\"width: 210px\" class=\"wp-caption aligncenter\"><img loading=\"lazy\" decoding=\"async\" aria-describedby=\"caption-attachment-1277\" src=\"http:\/\/dalmadaesa.cl\/wp-content\/uploads\/2020\/08\/FOTO-200-13.jpg\" alt=\"\" width=\"200\" height=\"200\" class=\"size-full wp-image-1277\" srcset=\"https:\/\/dalmadaesa.cl\/wp-content\/uploads\/2020\/08\/FOTO-200-13.jpg 200w, https:\/\/dalmadaesa.cl\/wp-content\/uploads\/2020\/08\/FOTO-200-13-150x150.jpg 150w\" sizes=\"auto, (max-width: 200px) 100vw, 200px\" \/><p id=\"caption-attachment-1277\" class=\"wp-caption-text\">Mujeres y madres sosteniendo con orgullo el trofeo que lograron sus hijos.<\/p><\/div>\n<p style=\"text-align: justify;\">En el puerto de Valpara\u00edso, \u201cLa Joya del Pac\u00edfico\u201d como le llaman los marinos, y actual Patrimonio de la Humanidad, se llev\u00f3 a cabo el Campeonato Internacional \u00abTaekwondo Open Chile\u00bb, organizado por el Maestro Oscar C\u00f3rdova, de la Asociaci\u00f3n Valpara\u00edso y de la escuela Choo Nam Soo.<\/p>\n<p style=\"text-align: justify;\">Realizado en el mes de octubre, en el Fortin Prat de la ciudad puerto, estadio techado que se ubica en el coraz\u00f3n del barrio Almendral. Sus or\u00edgenes se remontan a 1944 cuando era una cancha asfaltada, inaugurada por el presidente de la \u00e9poca don Juan Antonio R\u00edos, y la que ser\u00eda techada posteriormente en la d\u00e9cada de los \u201960.<\/p>\n<div id=\"attachment_1273\" style=\"width: 459px\" class=\"wp-caption aligncenter\"><img loading=\"lazy\" decoding=\"async\" aria-describedby=\"caption-attachment-1273\" src=\"http:\/\/dalmadaesa.cl\/wp-content\/uploads\/2020\/08\/foto_01-16.jpg\" alt=\"\" width=\"449\" height=\"640\" class=\"size-full wp-image-1273\" srcset=\"https:\/\/dalmadaesa.cl\/wp-content\/uploads\/2020\/08\/foto_01-16.jpg 449w, https:\/\/dalmadaesa.cl\/wp-content\/uploads\/2020\/08\/foto_01-16-210x300.jpg 210w\" sizes=\"auto, (max-width: 449px) 100vw, 449px\" \/><p id=\"caption-attachment-1273\" class=\"wp-caption-text\">La felicidad inunda con sonrisas a las taekwondistas despu\u00e9s de una ardua jornada.<\/p><\/div>\n<p style=\"text-align: justify;\">Valpara\u00edso (Valle del Para\u00edso), bautizada as\u00ed por Juan de Saavedra o Juan Bautista Pastene, \u201cPancho\u201d como le dicen los porte\u00f1os del cerro Bar\u00f3n, o \u201cLa Joya del Pac\u00edfico\u201d como le llaman los marinos, es una ciudad que guarda recuerdos de muchas historias y canciones a lo largo de la existencia de Chile, fue declara Patrimonio de la Humanidad en 2003.<\/p>\n<div id=\"attachment_1274\" style=\"width: 461px\" class=\"wp-caption aligncenter\"><img loading=\"lazy\" decoding=\"async\" aria-describedby=\"caption-attachment-1274\" src=\"http:\/\/dalmadaesa.cl\/wp-content\/uploads\/2020\/08\/foto_02-18.jpg\" alt=\"\" width=\"451\" height=\"640\" class=\"size-full wp-image-1274\" srcset=\"https:\/\/dalmadaesa.cl\/wp-content\/uploads\/2020\/08\/foto_02-18.jpg 451w, https:\/\/dalmadaesa.cl\/wp-content\/uploads\/2020\/08\/foto_02-18-211x300.jpg 211w\" sizes=\"auto, (max-width: 451px) 100vw, 451px\" \/><p id=\"caption-attachment-1274\" class=\"wp-caption-text\">La alegr\u00eda convertida en trofeos: Alvaro Picand, Juan Pablo Flores, Hugo Parra.<\/p><\/div>\n<div id=\"attachment_1275\" style=\"width: 650px\" class=\"wp-caption aligncenter\"><img loading=\"lazy\" decoding=\"async\" aria-describedby=\"caption-attachment-1275\" src=\"http:\/\/dalmadaesa.cl\/wp-content\/uploads\/2020\/08\/foto_03-18.jpg\" alt=\"\" width=\"640\" height=\"480\" class=\"size-full wp-image-1275\" srcset=\"https:\/\/dalmadaesa.cl\/wp-content\/uploads\/2020\/08\/foto_03-18.jpg 640w, https:\/\/dalmadaesa.cl\/wp-content\/uploads\/2020\/08\/foto_03-18-300x225.jpg 300w, https:\/\/dalmadaesa.cl\/wp-content\/uploads\/2020\/08\/foto_03-18-326x245.jpg 326w, https:\/\/dalmadaesa.cl\/wp-content\/uploads\/2020\/08\/foto_03-18-80x60.jpg 80w\" sizes=\"auto, (max-width: 640px) 100vw, 640px\" \/><p id=\"caption-attachment-1275\" class=\"wp-caption-text\">La Dalma Daesa, viviendo la dicha de vivir el taekwondo.<\/p><\/div>\n<div id=\"attachment_1276\" style=\"width: 650px\" class=\"wp-caption aligncenter\"><img loading=\"lazy\" decoding=\"async\" aria-describedby=\"caption-attachment-1276\" src=\"http:\/\/dalmadaesa.cl\/wp-content\/uploads\/2020\/08\/foto_04-13.jpg\" alt=\"\" width=\"640\" height=\"402\" class=\"size-full wp-image-1276\" srcset=\"https:\/\/dalmadaesa.cl\/wp-content\/uploads\/2020\/08\/foto_04-13.jpg 640w, https:\/\/dalmadaesa.cl\/wp-content\/uploads\/2020\/08\/foto_04-13-300x188.jpg 300w\" sizes=\"auto, (max-width: 640px) 100vw, 640px\" \/><p id=\"caption-attachment-1276\" class=\"wp-caption-text\">La tensi\u00f3n al comienzo de la jornada.<\/p><\/div>\n","protected":false},"excerpt":{"rendered":"<p>En el puerto de Valpara\u00edso, \u201cLa Joya del Pac\u00edfico\u201d como le llaman los marinos, y actual Patrimonio de la Humanidad, se llev\u00f3 a cabo el Campeonato Internacional \u00abTaekwondo Open Chile\u00bb, organizado por el Maestro Oscar C\u00f3rdova, de la Asociaci\u00f3n Valpara\u00edso y de la escuela Choo Nam Soo. Realizado en el mes de octubre, en el&hellip; <br \/> <a class=\"read-more\" href=\"https:\/\/dalmadaesa.cl\/?p=1272\">Leer m\u00e1s<\/a><\/p>\n","protected":false},"author":6,"featured_media":1277,"comment_status":"closed","ping_status":"open","sticky":false,"template":"","format":"standard","meta":{"footnotes":""},"categories":[1],"tags":[],"class_list":["post-1272","post","type-post","status-publish","format-standard","has-post-thumbnail","hentry","category-general"],"_links":{"self":[{"href":"https:\/\/dalmadaesa.cl\/index.php?rest_route=\/wp\/v2\/posts\/1272","targetHints":{"allow":["GET"]}}],"collection":[{"href":"https:\/\/dalmadaesa.cl\/index.php?rest_route=\/wp\/v2\/posts"}],"about":[{"href":"https:\/\/dalmadaesa.cl\/index.php?rest_route=\/wp\/v2\/types\/post"}],"author":[{"embeddable":true,"href":"https:\/\/dalmadaesa.cl\/index.php?rest_route=\/wp\/v2\/users\/6"}],"replies":[{"embeddable":true,"href":"https:\/\/dalmadaesa.cl\/index.php?rest_route=%2Fwp%2Fv2%2Fcomments&post=1272"}],"version-history":[{"count":0,"href":"https:\/\/dalmadaesa.cl\/index.php?rest_route=\/wp\/v2\/posts\/1272\/revisions"}],"wp:featuredmedia":[{"embeddable":true,"href":"https:\/\/dalmadaesa.cl\/index.php?rest_route=\/wp\/v2\/media\/1277"}],"wp:attachment":[{"href":"https:\/\/dalmadaesa.cl\/index.php?rest_route=%2Fwp%2Fv2%2Fmedia&parent=1272"}],"wp:term":[{"taxonomy":"category","embeddable":true,"href":"https:\/\/dalmadaesa.cl\/index.php?rest_route=%2Fwp%2Fv2%2Fcategories&post=1272"},{"taxonomy":"post_tag","embeddable":true,"href":"https:\/\/dalmadaesa.cl\/index.php?rest_route=%2Fwp%2Fv2%2Ftags&post=1272"}],"curies":[{"name":"wp","href":"https:\/\/api.w.org\/{rel}","templated":true}]}}