{"id":1297,"date":"2018-12-20T12:00:28","date_gmt":"2018-12-20T12:00:28","guid":{"rendered":"http:\/\/dalmadaesa.cl\/?p=1297"},"modified":"2020-08-30T03:25:05","modified_gmt":"2020-08-30T03:25:05","slug":"reconocimiento-a-alumnos-destacados-2018","status":"publish","type":"post","link":"https:\/\/dalmadaesa.cl\/?p=1297","title":{"rendered":"Reconocimiento a Alumnos Destacados 2018"},"content":{"rendered":"<div id=\"attachment_1299\" style=\"width: 210px\" class=\"wp-caption aligncenter\"><img loading=\"lazy\" decoding=\"async\" aria-describedby=\"caption-attachment-1299\" src=\"http:\/\/dalmadaesa.cl\/wp-content\/uploads\/2020\/08\/FOTO-200-16.jpg\" alt=\"\" width=\"200\" height=\"200\" class=\"size-full wp-image-1299\" srcset=\"https:\/\/dalmadaesa.cl\/wp-content\/uploads\/2020\/08\/FOTO-200-16.jpg 200w, https:\/\/dalmadaesa.cl\/wp-content\/uploads\/2020\/08\/FOTO-200-16-150x150.jpg 150w\" sizes=\"auto, (max-width: 200px) 100vw, 200px\" \/><p id=\"caption-attachment-1299\" class=\"wp-caption-text\">Un galvano como muestra de reconocimiento.<\/p><\/div>\n<p style=\"text-align: justify;\">En el marco de las actividades de cierre de a\u00f1o la Asociaci\u00f3n Valparaiso, Asociaci\u00f3n C\u00edrculo de Quir\u00f3n y Asociaci\u00f3n DalmaDaesa se reunieron en una instancia en la que entregaron reconocimientos a alumnos destacados de todas las asociaciones. Es as\u00ed que en el mes de diciembre del 2018 en una cena de camarader\u00eda realizaron el evento.<\/p>\n<div id=\"attachment_1294\" style=\"width: 571px\" class=\"wp-caption aligncenter\"><img loading=\"lazy\" decoding=\"async\" aria-describedby=\"caption-attachment-1294\" src=\"http:\/\/dalmadaesa.cl\/wp-content\/uploads\/2020\/08\/foto_01-19.jpg\" alt=\"\" width=\"561\" height=\"640\" class=\"size-full wp-image-1294\" srcset=\"https:\/\/dalmadaesa.cl\/wp-content\/uploads\/2020\/08\/foto_01-19.jpg 561w, https:\/\/dalmadaesa.cl\/wp-content\/uploads\/2020\/08\/foto_01-19-263x300.jpg 263w\" sizes=\"auto, (max-width: 561px) 100vw, 561px\" \/><p id=\"caption-attachment-1294\" class=\"wp-caption-text\">Maestro Oscar C\u00f3rdova, Sabonim Rafael Santos y Maestro Patricio Rivas entregando reconocimiento a Raul Bustamente.<\/p><\/div>\n<div id=\"attachment_1295\" style=\"width: 611px\" class=\"wp-caption aligncenter\"><img loading=\"lazy\" decoding=\"async\" aria-describedby=\"caption-attachment-1295\" src=\"http:\/\/dalmadaesa.cl\/wp-content\/uploads\/2020\/08\/foto_02-21.jpg\" alt=\"\" width=\"601\" height=\"640\" class=\"size-full wp-image-1295\" srcset=\"https:\/\/dalmadaesa.cl\/wp-content\/uploads\/2020\/08\/foto_02-21.jpg 601w, https:\/\/dalmadaesa.cl\/wp-content\/uploads\/2020\/08\/foto_02-21-282x300.jpg 282w\" sizes=\"auto, (max-width: 601px) 100vw, 601px\" \/><p id=\"caption-attachment-1295\" class=\"wp-caption-text\">Raul Bustamente, con su galvano junto a Maestro Oscar C\u00f3rdova, Sabonim Rafael Santos y Maestro Patricio Rivas.<\/p><\/div>\n<div id=\"attachment_1296\" style=\"width: 517px\" class=\"wp-caption aligncenter\"><img loading=\"lazy\" decoding=\"async\" aria-describedby=\"caption-attachment-1296\" src=\"http:\/\/dalmadaesa.cl\/wp-content\/uploads\/2020\/08\/foto_03-21.jpg\" alt=\"\" width=\"507\" height=\"640\" class=\"size-full wp-image-1296\" srcset=\"https:\/\/dalmadaesa.cl\/wp-content\/uploads\/2020\/08\/foto_03-21.jpg 507w, https:\/\/dalmadaesa.cl\/wp-content\/uploads\/2020\/08\/foto_03-21-238x300.jpg 238w\" sizes=\"auto, (max-width: 507px) 100vw, 507px\" \/><p id=\"caption-attachment-1296\" class=\"wp-caption-text\">Maestro Oscar C\u00f3rdova y su alumna de la escuela Cho Nam Soo de Valparaiso.<\/p><\/div>\n<div id=\"attachment_1298\" style=\"width: 591px\" class=\"wp-caption aligncenter\"><img loading=\"lazy\" decoding=\"async\" aria-describedby=\"caption-attachment-1298\" src=\"http:\/\/dalmadaesa.cl\/wp-content\/uploads\/2020\/08\/foto_04-16.jpg\" alt=\"\" width=\"581\" height=\"640\" class=\"size-full wp-image-1298\" srcset=\"https:\/\/dalmadaesa.cl\/wp-content\/uploads\/2020\/08\/foto_04-16.jpg 581w, https:\/\/dalmadaesa.cl\/wp-content\/uploads\/2020\/08\/foto_04-16-272x300.jpg 272w\" sizes=\"auto, (max-width: 581px) 100vw, 581px\" \/><p id=\"caption-attachment-1298\" class=\"wp-caption-text\">Maestro Patricio Rivas entregando reconocimiento a su alumno.<\/p><\/div>\n","protected":false},"excerpt":{"rendered":"<p>En el marco de las actividades de cierre de a\u00f1o la Asociaci\u00f3n Valparaiso, Asociaci\u00f3n C\u00edrculo de Quir\u00f3n y Asociaci\u00f3n DalmaDaesa se reunieron en una instancia en la que entregaron reconocimientos a alumnos destacados de todas las asociaciones. Es as\u00ed que en el mes de diciembre del 2018 en una cena de camarader\u00eda realizaron el evento.<\/p>\n","protected":false},"author":6,"featured_media":1299,"comment_status":"closed","ping_status":"open","sticky":false,"template":"","format":"standard","meta":{"footnotes":""},"categories":[1],"tags":[],"class_list":["post-1297","post","type-post","status-publish","format-standard","has-post-thumbnail","hentry","category-general"],"_links":{"self":[{"href":"https:\/\/dalmadaesa.cl\/index.php?rest_route=\/wp\/v2\/posts\/1297","targetHints":{"allow":["GET"]}}],"collection":[{"href":"https:\/\/dalmadaesa.cl\/index.php?rest_route=\/wp\/v2\/posts"}],"about":[{"href":"https:\/\/dalmadaesa.cl\/index.php?rest_route=\/wp\/v2\/types\/post"}],"author":[{"embeddable":true,"href":"https:\/\/dalmadaesa.cl\/index.php?rest_route=\/wp\/v2\/users\/6"}],"replies":[{"embeddable":true,"href":"https:\/\/dalmadaesa.cl\/index.php?rest_route=%2Fwp%2Fv2%2Fcomments&post=1297"}],"version-history":[{"count":0,"href":"https:\/\/dalmadaesa.cl\/index.php?rest_route=\/wp\/v2\/posts\/1297\/revisions"}],"wp:featuredmedia":[{"embeddable":true,"href":"https:\/\/dalmadaesa.cl\/index.php?rest_route=\/wp\/v2\/media\/1299"}],"wp:attachment":[{"href":"https:\/\/dalmadaesa.cl\/index.php?rest_route=%2Fwp%2Fv2%2Fmedia&parent=1297"}],"wp:term":[{"taxonomy":"category","embeddable":true,"href":"https:\/\/dalmadaesa.cl\/index.php?rest_route=%2Fwp%2Fv2%2Fcategories&post=1297"},{"taxonomy":"post_tag","embeddable":true,"href":"https:\/\/dalmadaesa.cl\/index.php?rest_route=%2Fwp%2Fv2%2Ftags&post=1297"}],"curies":[{"name":"wp","href":"https:\/\/api.w.org\/{rel}","templated":true}]}}