{"id":1308,"date":"2019-07-05T12:00:37","date_gmt":"2019-07-05T12:00:37","guid":{"rendered":"http:\/\/dalmadaesa.cl\/?p=1308"},"modified":"2020-09-03T01:00:19","modified_gmt":"2020-09-03T01:00:19","slug":"brazil-games-taekwondo-festival-2019","status":"publish","type":"post","link":"https:\/\/dalmadaesa.cl\/?p=1308","title":{"rendered":"Brazil Games Taekwondo Festival 2019"},"content":{"rendered":"<div id=\"attachment_1313\" style=\"width: 210px\" class=\"wp-caption aligncenter\"><img loading=\"lazy\" decoding=\"async\" aria-describedby=\"caption-attachment-1313\" src=\"http:\/\/dalmadaesa.cl\/wp-content\/uploads\/2020\/09\/foto_200.jpg\" alt=\"\" width=\"200\" height=\"200\" class=\"size-full wp-image-1313\" srcset=\"https:\/\/dalmadaesa.cl\/wp-content\/uploads\/2020\/09\/foto_200.jpg 200w, https:\/\/dalmadaesa.cl\/wp-content\/uploads\/2020\/09\/foto_200-150x150.jpg 150w\" sizes=\"auto, (max-width: 200px) 100vw, 200px\" \/><p id=\"caption-attachment-1313\" class=\"wp-caption-text\">La Dalma Daesa de Chile presente en Brazil Games Taekwondo Festival 2019.<\/p><\/div>\n<p style=\"text-align: justify;\">En la ciudad de Sao Paulo, que es la ciudad m\u00e1s grande en t\u00e9rminos econ\u00f3micos en Sudam\u00e9rica, se llev\u00f3 acabo el 49\u00b0 Campeonato Internacional \u201cBrazil Games Taekwondo Festival\u201d, entre los d\u00edas 28 de junio y el 1 de julio de 2019.<\/p>\n<p style=\"text-align: justify;\">La Dalma Daesa se hizo presente con su delegaci\u00f3n obteniendo excelentes resultados, en la modalidad de taekwondo deportivo o Taekwondo deporte internacional. La World Taekwondo (WT) antes conocida como World Taekwondo Federation (WTF), es hoy la responsable de promover el Taekwondo a su estado de deporte internacional.<\/p>\n<div id=\"attachment_1309\" style=\"width: 468px\" class=\"wp-caption aligncenter\"><img loading=\"lazy\" decoding=\"async\" aria-describedby=\"caption-attachment-1309\" src=\"http:\/\/dalmadaesa.cl\/wp-content\/uploads\/2020\/09\/foto_01.jpg\" alt=\"\" width=\"458\" height=\"640\" class=\"size-full wp-image-1309\" srcset=\"https:\/\/dalmadaesa.cl\/wp-content\/uploads\/2020\/09\/foto_01.jpg 458w, https:\/\/dalmadaesa.cl\/wp-content\/uploads\/2020\/09\/foto_01-215x300.jpg 215w\" sizes=\"auto, (max-width: 458px) 100vw, 458px\" \/><p id=\"caption-attachment-1309\" class=\"wp-caption-text\">Sabonim Rafael Santos con sus alumnos representando a Chile.<\/p><\/div>\n<div id=\"attachment_1310\" style=\"width: 650px\" class=\"wp-caption aligncenter\"><img loading=\"lazy\" decoding=\"async\" aria-describedby=\"caption-attachment-1310\" src=\"http:\/\/dalmadaesa.cl\/wp-content\/uploads\/2020\/09\/foto_02.jpg\" alt=\"\" width=\"640\" height=\"427\" class=\"size-full wp-image-1310\" srcset=\"https:\/\/dalmadaesa.cl\/wp-content\/uploads\/2020\/09\/foto_02.jpg 640w, https:\/\/dalmadaesa.cl\/wp-content\/uploads\/2020\/09\/foto_02-300x200.jpg 300w\" sizes=\"auto, (max-width: 640px) 100vw, 640px\" \/><p id=\"caption-attachment-1310\" class=\"wp-caption-text\">Las medallas trascienden las fronteras.<\/p><\/div>\n<div id=\"attachment_1311\" style=\"width: 650px\" class=\"wp-caption aligncenter\"><img loading=\"lazy\" decoding=\"async\" aria-describedby=\"caption-attachment-1311\" src=\"http:\/\/dalmadaesa.cl\/wp-content\/uploads\/2020\/09\/foto_03.jpg\" alt=\"\" width=\"640\" height=\"427\" class=\"size-full wp-image-1311\" srcset=\"https:\/\/dalmadaesa.cl\/wp-content\/uploads\/2020\/09\/foto_03.jpg 640w, https:\/\/dalmadaesa.cl\/wp-content\/uploads\/2020\/09\/foto_03-300x200.jpg 300w\" sizes=\"auto, (max-width: 640px) 100vw, 640px\" \/><p id=\"caption-attachment-1311\" class=\"wp-caption-text\">La delegaci\u00f3n chilena.<\/p><\/div>\n<div id=\"attachment_1312\" style=\"width: 460px\" class=\"wp-caption aligncenter\"><img loading=\"lazy\" decoding=\"async\" aria-describedby=\"caption-attachment-1312\" src=\"http:\/\/dalmadaesa.cl\/wp-content\/uploads\/2020\/09\/Foto_04-1.jpg\" alt=\"\" width=\"450\" height=\"614\" class=\"size-full wp-image-1312\" srcset=\"https:\/\/dalmadaesa.cl\/wp-content\/uploads\/2020\/09\/Foto_04-1.jpg 450w, https:\/\/dalmadaesa.cl\/wp-content\/uploads\/2020\/09\/Foto_04-1-220x300.jpg 220w\" sizes=\"auto, (max-width: 450px) 100vw, 450px\" \/><p id=\"caption-attachment-1312\" class=\"wp-caption-text\">el afiche de Brazil Games Taekwondo Festival 2019.<\/p><\/div>\n","protected":false},"excerpt":{"rendered":"<p>En la ciudad de Sao Paulo, que es la ciudad m\u00e1s grande en t\u00e9rminos econ\u00f3micos en Sudam\u00e9rica, se llev\u00f3 acabo el 49\u00b0 Campeonato Internacional \u201cBrazil Games Taekwondo Festival\u201d, entre los d\u00edas 28 de junio y el 1 de julio de 2019. La Dalma Daesa se hizo presente con su delegaci\u00f3n obteniendo excelentes resultados, en la&hellip; <br \/> <a class=\"read-more\" href=\"https:\/\/dalmadaesa.cl\/?p=1308\">Leer m\u00e1s<\/a><\/p>\n","protected":false},"author":6,"featured_media":1313,"comment_status":"closed","ping_status":"open","sticky":false,"template":"","format":"standard","meta":{"footnotes":""},"categories":[1],"tags":[],"class_list":["post-1308","post","type-post","status-publish","format-standard","has-post-thumbnail","hentry","category-general"],"_links":{"self":[{"href":"https:\/\/dalmadaesa.cl\/index.php?rest_route=\/wp\/v2\/posts\/1308","targetHints":{"allow":["GET"]}}],"collection":[{"href":"https:\/\/dalmadaesa.cl\/index.php?rest_route=\/wp\/v2\/posts"}],"about":[{"href":"https:\/\/dalmadaesa.cl\/index.php?rest_route=\/wp\/v2\/types\/post"}],"author":[{"embeddable":true,"href":"https:\/\/dalmadaesa.cl\/index.php?rest_route=\/wp\/v2\/users\/6"}],"replies":[{"embeddable":true,"href":"https:\/\/dalmadaesa.cl\/index.php?rest_route=%2Fwp%2Fv2%2Fcomments&post=1308"}],"version-history":[{"count":0,"href":"https:\/\/dalmadaesa.cl\/index.php?rest_route=\/wp\/v2\/posts\/1308\/revisions"}],"wp:featuredmedia":[{"embeddable":true,"href":"https:\/\/dalmadaesa.cl\/index.php?rest_route=\/wp\/v2\/media\/1313"}],"wp:attachment":[{"href":"https:\/\/dalmadaesa.cl\/index.php?rest_route=%2Fwp%2Fv2%2Fmedia&parent=1308"}],"wp:term":[{"taxonomy":"category","embeddable":true,"href":"https:\/\/dalmadaesa.cl\/index.php?rest_route=%2Fwp%2Fv2%2Fcategories&post=1308"},{"taxonomy":"post_tag","embeddable":true,"href":"https:\/\/dalmadaesa.cl\/index.php?rest_route=%2Fwp%2Fv2%2Ftags&post=1308"}],"curies":[{"name":"wp","href":"https:\/\/api.w.org\/{rel}","templated":true}]}}