{"id":1314,"date":"2019-01-31T18:00:32","date_gmt":"2019-01-31T18:00:32","guid":{"rendered":"http:\/\/dalmadaesa.cl\/?p=1314"},"modified":"2020-09-03T01:00:19","modified_gmt":"2020-09-03T01:00:19","slug":"campamento-formativo-de-verano-2019","status":"publish","type":"post","link":"https:\/\/dalmadaesa.cl\/?p=1314","title":{"rendered":"Campamento Formativo de Verano 2019"},"content":{"rendered":"<div id=\"attachment_1320\" style=\"width: 210px\" class=\"wp-caption aligncenter\"><img loading=\"lazy\" decoding=\"async\" aria-describedby=\"caption-attachment-1320\" src=\"http:\/\/dalmadaesa.cl\/wp-content\/uploads\/2020\/09\/foto_200_.jpg\" alt=\"\" width=\"200\" height=\"200\" class=\"size-full wp-image-1320\" srcset=\"https:\/\/dalmadaesa.cl\/wp-content\/uploads\/2020\/09\/foto_200_.jpg 200w, https:\/\/dalmadaesa.cl\/wp-content\/uploads\/2020\/09\/foto_200_-150x150.jpg 150w\" sizes=\"auto, (max-width: 200px) 100vw, 200px\" \/><p id=\"caption-attachment-1320\" class=\"wp-caption-text\">El campamento de noche brilla en la oscuridad mientras se espera el retorno del sol.<\/p><\/div>\n<p style=\"text-align: justify;\">Con motivos del cierre del a\u00f1o se realiz\u00f3, en enero 2019, el Campamento Formativo de Verano. La Asociaci\u00f3n Deportiva Dalma Daesa cada verano se congrega alrededor del fuego sagrado en un campamento donde asisten todos los clubes asociados que la componen. El lugar es retirado de la urbe encontr\u00e1ndose con el aire libre, as\u00ec es posible realizar seminarios de pr\u00e1cticas y t\u00e9cnicas formativas; y a su vez los postulantes realizan su examen de cintur\u00f3n negro, dejando atr\u00e1s el periodo inici\u00e1tico y comenzando un nuevo camino m\u00e1s profundo.<\/p>\n<div id=\"attachment_1315\" style=\"width: 434px\" class=\"wp-caption aligncenter\"><img loading=\"lazy\" decoding=\"async\" aria-describedby=\"caption-attachment-1315\" src=\"http:\/\/dalmadaesa.cl\/wp-content\/uploads\/2020\/09\/foto_01-1.jpg\" alt=\"\" width=\"424\" height=\"640\" class=\"size-full wp-image-1315\" srcset=\"https:\/\/dalmadaesa.cl\/wp-content\/uploads\/2020\/09\/foto_01-1.jpg 424w, https:\/\/dalmadaesa.cl\/wp-content\/uploads\/2020\/09\/foto_01-1-199x300.jpg 199w\" sizes=\"auto, (max-width: 424px) 100vw, 424px\" \/><p id=\"caption-attachment-1315\" class=\"wp-caption-text\">Nuestro estandarte junto con la espada Excalibur clavada en la tierra.<\/p><\/div>\n<div id=\"attachment_1316\" style=\"width: 650px\" class=\"wp-caption aligncenter\"><img loading=\"lazy\" decoding=\"async\" aria-describedby=\"caption-attachment-1316\" src=\"http:\/\/dalmadaesa.cl\/wp-content\/uploads\/2020\/09\/foto_02-1.jpg\" alt=\"\" width=\"640\" height=\"360\" class=\"size-full wp-image-1316\" srcset=\"https:\/\/dalmadaesa.cl\/wp-content\/uploads\/2020\/09\/foto_02-1.jpg 640w, https:\/\/dalmadaesa.cl\/wp-content\/uploads\/2020\/09\/foto_02-1-300x169.jpg 300w\" sizes=\"auto, (max-width: 640px) 100vw, 640px\" \/><p id=\"caption-attachment-1316\" class=\"wp-caption-text\">Alrededor del fuego sagrado de la ma\u00f1ana la comunidad despierta junto con recuperar calor.<\/p><\/div>\n<div id=\"attachment_1317\" style=\"width: 650px\" class=\"wp-caption aligncenter\"><img loading=\"lazy\" decoding=\"async\" aria-describedby=\"caption-attachment-1317\" src=\"http:\/\/dalmadaesa.cl\/wp-content\/uploads\/2020\/09\/foto_03-1.jpg\" alt=\"\" width=\"640\" height=\"480\" class=\"size-full wp-image-1317\" srcset=\"https:\/\/dalmadaesa.cl\/wp-content\/uploads\/2020\/09\/foto_03-1.jpg 640w, https:\/\/dalmadaesa.cl\/wp-content\/uploads\/2020\/09\/foto_03-1-300x225.jpg 300w, https:\/\/dalmadaesa.cl\/wp-content\/uploads\/2020\/09\/foto_03-1-326x245.jpg 326w, https:\/\/dalmadaesa.cl\/wp-content\/uploads\/2020\/09\/foto_03-1-80x60.jpg 80w\" sizes=\"auto, (max-width: 640px) 100vw, 640px\" \/><p id=\"caption-attachment-1317\" class=\"wp-caption-text\">Siempre dispuestos a servir al pr\u00f3ximo.<\/p><\/div>\n<div id=\"attachment_1318\" style=\"width: 650px\" class=\"wp-caption aligncenter\"><img loading=\"lazy\" decoding=\"async\" aria-describedby=\"caption-attachment-1318\" src=\"http:\/\/dalmadaesa.cl\/wp-content\/uploads\/2020\/09\/foto_04.jpg\" alt=\"\" width=\"640\" height=\"304\" class=\"size-full wp-image-1318\" srcset=\"https:\/\/dalmadaesa.cl\/wp-content\/uploads\/2020\/09\/foto_04.jpg 640w, https:\/\/dalmadaesa.cl\/wp-content\/uploads\/2020\/09\/foto_04-300x143.jpg 300w\" sizes=\"auto, (max-width: 640px) 100vw, 640px\" \/><p id=\"caption-attachment-1318\" class=\"wp-caption-text\">La Dalma Daesa reunida junto a su estandarte y junto a los nuevos cinturones negros.<\/p><\/div>\n<div id=\"attachment_1319\" style=\"width: 650px\" class=\"wp-caption aligncenter\"><img loading=\"lazy\" decoding=\"async\" aria-describedby=\"caption-attachment-1319\" src=\"http:\/\/dalmadaesa.cl\/wp-content\/uploads\/2020\/09\/foto_05.jpg\" alt=\"\" width=\"640\" height=\"357\" class=\"size-full wp-image-1319\" srcset=\"https:\/\/dalmadaesa.cl\/wp-content\/uploads\/2020\/09\/foto_05.jpg 640w, https:\/\/dalmadaesa.cl\/wp-content\/uploads\/2020\/09\/foto_05-300x167.jpg 300w\" sizes=\"auto, (max-width: 640px) 100vw, 640px\" \/><p id=\"caption-attachment-1319\" class=\"wp-caption-text\">Los cinturones negros despu\u00e9s de su examen.<\/p><\/div>\n","protected":false},"excerpt":{"rendered":"<p>Con motivos del cierre del a\u00f1o se realiz\u00f3, en enero 2019, el Campamento Formativo de Verano. La Asociaci\u00f3n Deportiva Dalma Daesa cada verano se congrega alrededor del fuego sagrado en un campamento donde asisten todos los clubes asociados que la componen. El lugar es retirado de la urbe encontr\u00e1ndose con el aire libre, as\u00ec es&hellip; <br \/> <a class=\"read-more\" href=\"https:\/\/dalmadaesa.cl\/?p=1314\">Leer m\u00e1s<\/a><\/p>\n","protected":false},"author":6,"featured_media":1320,"comment_status":"closed","ping_status":"open","sticky":false,"template":"","format":"standard","meta":{"footnotes":""},"categories":[1],"tags":[],"class_list":["post-1314","post","type-post","status-publish","format-standard","has-post-thumbnail","hentry","category-general"],"_links":{"self":[{"href":"https:\/\/dalmadaesa.cl\/index.php?rest_route=\/wp\/v2\/posts\/1314","targetHints":{"allow":["GET"]}}],"collection":[{"href":"https:\/\/dalmadaesa.cl\/index.php?rest_route=\/wp\/v2\/posts"}],"about":[{"href":"https:\/\/dalmadaesa.cl\/index.php?rest_route=\/wp\/v2\/types\/post"}],"author":[{"embeddable":true,"href":"https:\/\/dalmadaesa.cl\/index.php?rest_route=\/wp\/v2\/users\/6"}],"replies":[{"embeddable":true,"href":"https:\/\/dalmadaesa.cl\/index.php?rest_route=%2Fwp%2Fv2%2Fcomments&post=1314"}],"version-history":[{"count":0,"href":"https:\/\/dalmadaesa.cl\/index.php?rest_route=\/wp\/v2\/posts\/1314\/revisions"}],"wp:featuredmedia":[{"embeddable":true,"href":"https:\/\/dalmadaesa.cl\/index.php?rest_route=\/wp\/v2\/media\/1320"}],"wp:attachment":[{"href":"https:\/\/dalmadaesa.cl\/index.php?rest_route=%2Fwp%2Fv2%2Fmedia&parent=1314"}],"wp:term":[{"taxonomy":"category","embeddable":true,"href":"https:\/\/dalmadaesa.cl\/index.php?rest_route=%2Fwp%2Fv2%2Fcategories&post=1314"},{"taxonomy":"post_tag","embeddable":true,"href":"https:\/\/dalmadaesa.cl\/index.php?rest_route=%2Fwp%2Fv2%2Ftags&post=1314"}],"curies":[{"name":"wp","href":"https:\/\/api.w.org\/{rel}","templated":true}]}}