{"id":202,"date":"2011-08-04T16:46:08","date_gmt":"2011-08-04T16:46:08","guid":{"rendered":"http:\/\/dalmadaesa.cl\/?p=202"},"modified":"2011-09-08T13:28:12","modified_gmt":"2011-09-08T13:28:12","slug":"representativo-dalma-daesa-campeonato-sxxi","status":"publish","type":"post","link":"https:\/\/dalmadaesa.cl\/?p=202","title":{"rendered":"Bryan Blanco Tercer lugar en Campeonato S. XXI"},"content":{"rendered":"<p style=\"text-align: left;\">Esta semana han regresado los representantes de Dalma Daesa en el Campeonato en Argentina, Championship S XXI. En esta nueva experiencia enriquecedora podemos encontrarnos con las opiniones de sus exponentes, hablamos con Bryan Blanco, quien obtuvo el tercer lugar en su categoria, esto es lo que nos cont\u00cd\u00b2:<\/p>\n<div id=\"attachment_219\" style=\"width: 160px\" class=\"wp-caption alignleft\"><a href=\"http:\/\/dalmadaesa.cl\/wp-content\/uploads\/2011\/08\/251478_2319691432303_1250040309_32764020_5082935_n.jpg\"><img loading=\"lazy\" decoding=\"async\" aria-describedby=\"caption-attachment-219\" class=\"size-thumbnail wp-image-219\" title=\"251478_2319691432303_1250040309_32764020_5082935_n\" src=\"http:\/\/dalmadaesa.cl\/wp-content\/uploads\/2011\/08\/251478_2319691432303_1250040309_32764020_5082935_n-150x150.jpg\" alt=\"\" width=\"150\" height=\"150\" \/><\/a><p id=\"caption-attachment-219\" class=\"wp-caption-text\">Bryan Blanco, tercer Lugar.<\/p><\/div>\n<p><strong>&gt;\u00bfHace cuanto tiempo practicas en Dalma Daesa? <\/strong><\/p>\n<p>&gt;Hace 8 a\u00cd\u00b1os y comenc\u00e9 en la antigua Escuadra Ateniense que funcionaba en el Colegio Atenas a cargo de Sabonim Rafael Santos, en ese entonces Busabonim Rafael Santos y hoy Director Fundador de la Asociaci\u00f3n Dalma Daesa.<\/p>\n<p><strong> &gt; \u00bfQue es lo que mas valoras de tu organizaci\u00f3n en relaci\u00f3n a otras?<\/strong><\/p>\n<p>&gt;Valoro mucho que en la Dalma Daesa se piensa en las personas y en su formaci\u00f3n tomando en cuenta m\u00e1s que solo el entrenamiento f\u00cd\u00adsico. Aqu\u00cd\u00ad los alumnos no valen solamente por sus logros deportivos sino por su hambre de superaci\u00f3n, querer ser mejor, por ser valientes y por ser inteligentes. Por \u00faltimo, los instructores son gente muy dedicada que est\u00e1n comprometidos con sus alumnos d\u00e1ndoles apoyo incluso fuera del dojan.<!--more--><\/p>\n<p><strong> &gt;\u00bfDesde cuando estas practicando en el CER Regional?<\/strong><\/p>\n<p>&gt;A principios de este a\u00cd\u00b1o se realizaron varios topes selectivos para conformar el equipo y a mediados de Marzo me present\u00e9. En este encuentro, despu\u00e9s de hacer varios combates, fui el \u00fanico seleccionado para participar en los entrenamientos de la selecci\u00f3n regional.<\/p>\n<p><strong>&gt;\u00bfCuales son las diferencias que has notado en relaci\u00f3n a tu escuela de base?<\/strong><\/p>\n<p>&gt;Las diferencias son muchas, pero la principal es el objetivo al que apuntan cada una. En el caso de mi escuela de base con Sabonim Rafael Santos el objetivo era la formaci\u00f3n de alumnos para que a futuro sean mejores personas, con valores, inteligentes y capaces f\u00cd\u00adsica y mentalmente. En el caso del CER Santiago el objetivo es el rendimiento en el taekwondo deportivo, en las competencias, para esto el entrenamiento f\u00cd\u00adsico es muy duro y se necesita mucha perseverancia. Tambi\u00e9n el entrenamiento cognitivo es fundamental para entender el combate en todas sus instancias y el apoyo emotivo del entrenador para seguir entrenando a pesar del cansancio. He mejorado mucho en estos aspectos gracias a que el entrenador Sabonim Juan Riquelme sabe mucho del tema, tiene experiencia y siempre est\u00e1 transmitiendo sus conocimientos preocup\u00e1ndose de que entendamos. Por \u00faltimo, creo que me ha ayudado mucho mi formaci\u00f3n de base para estar hoy entrenando en el CER Santiago.<\/p>\n<p style=\"text-align: center;\"><strong> <a href=\"http:\/\/dalmadaesa.cl\/wp-content\/uploads\/2011\/08\/LOGO_SXXI_WEB.jpg\"><img loading=\"lazy\" decoding=\"async\" class=\"aligncenter\" title=\"LOGO_SXXI_WEB\" src=\"http:\/\/dalmadaesa.cl\/wp-content\/uploads\/2011\/08\/LOGO_SXXI_WEB-300x169.jpg\" alt=\"\" width=\"300\" height=\"169\" \/><\/a><\/strong><\/p>\n<p>&nbsp;<\/p>\n<p>&nbsp;<\/p>\n<p><strong>&gt;Estando en Argentina, cuales han sido las principales diferencias en relaci\u00f3n a los competidores <\/strong><strong>&gt;y formas de entrenamiento en comparaci\u00f3n con Chile?<\/strong><\/p>\n<p>&gt;No tuve la oportunidad de entrenar con gente de all\u00e1 pero en cuanto a los competidores del torneo me percat\u00e9 que usaban bastante la pierna delantera en el aire para buscar el punto, resulta super incomodo por la anticipaci\u00f3n al casco. Tambi\u00e9n me di cuenta de que tienen bastante experiencia con el uso de Petos Electr\u00f3nicos porque no les costaba mucho marcar y se notaban c\u00f3modos. En general el nivel era bueno pero no del otro mundo, son humanos igual que nosotros y se les puede ganar, en Chile tambi\u00e9n hay gran nivel en las competencias de Danes que no tienen nada que envidiar al nivel de Argentina. Por \u00faltimo tuve la oportunidad de ver competir a los seleccionados argentinos como los hermanos Crismanich (categor\u00cd\u00adas -58 y -80 kg) que son muy fuertes y r\u00e1pidos, me sirvi\u00f3 mucho analizarlos.<\/p>\n<p><strong>&gt;\u00bfQue es lo que mas valoras de este viaje?<\/strong><\/p>\n<p>&gt;Lo que m\u00e1s valoro de este viaje no es el viaje en s\u00cd\u00ad. Claro, como experiencia de deportiva y como experiencia de vida fue excelente, muy enriquecedor, logr\u00e9 un 3\u00c2\u00b0 lugar y tenia muchas posibilidades de llegar a la final pero me lesion\u00e9 el pie derecho y perd\u00cd\u00ad mi cuarto combate (semifinal) 3 a 2. Como dec\u00cd\u00ada anteriormente lo que m\u00e1s valoro no es el viaje en s\u00cd\u00ad, sino el apoyo que me dieron para poder viajar tanto la asociaci\u00f3n Dalma Daesa como apoderados de la Academia de taekwondo \u00abSulsa\u00bb, ya que no contaba con la totalidad de los recursos econ\u00f3micos para viajar y sin su apoyo concreto con dinero para el pasaje de avi\u00f3n y otros gastos no podr\u00cd\u00ada haber participado en esto. Lamentablemente el dinero es un factor que est\u00e1 presente y que muchas veces limita a los deportistas para llegar a su mejor nivel, ganar experiencia internacional y costear las competencias, es por esto que agradezco mucho su ayuda para poder viajar, cr\u00e9anme que aprend\u00cd\u00ad mucho y gracias a esto me voy acercando cada vez m\u00e1s al 1\u00c2\u00b0 Lugar.<\/p>\n<p><strong> &gt;\u00bfCuales son tus planes a futuro en relaci\u00f3n al taekwondo?<\/strong><\/p>\n<p>&gt;Entrenar mucho para mejorar todo lo que pueda y ganar toda la experiencia posible, para finalmente transmitirla a los alumnos como instructor. Me gusta hacer clases pero entiendo que para hacerlo mejor tengo mucho que aprender, mucho que entrenar, mucho que competir y mucho que estudiar. El pr\u00f3ximo a\u00cd\u00b1o espero terminar la carrera de Pedagog\u00cd\u00ada en Educaci\u00f3n F\u00cd\u00adsica en la Universidad de Las Am\u00e9ricas y me gustar\u00cd\u00ada en un futuro formar parte de la selecci\u00f3n Chilena de taekwondo para competir representando al pa\u00cd\u00ads y participar en campeonatos a nivel de selecciones como panamericanos, mundiales o incluso llegar a una instancia Olimpica.<\/p>\n<div class=\"mceTemp\" style=\"text-align: left;\">\n<dl id=\"attachment_217\" class=\"wp-caption  alignnone\" style=\"width: 235px;\">\n<dt class=\"wp-caption-dt\"><a href=\"http:\/\/dalmadaesa.cl\/wp-content\/uploads\/2011\/08\/226097_2319932038318_1250040309_32764461_4220680_n.jpg\"><img loading=\"lazy\" decoding=\"async\" class=\"size-medium wp-image-217  \" title=\"226097_2319932038318_1250040309_32764461_4220680_n\" src=\"http:\/\/dalmadaesa.cl\/wp-content\/uploads\/2011\/08\/226097_2319932038318_1250040309_32764461_4220680_n-225x300.jpg\" alt=\"\" width=\"225\" height=\"300\" srcset=\"https:\/\/dalmadaesa.cl\/wp-content\/uploads\/2011\/08\/226097_2319932038318_1250040309_32764461_4220680_n-225x300.jpg 225w, https:\/\/dalmadaesa.cl\/wp-content\/uploads\/2011\/08\/226097_2319932038318_1250040309_32764461_4220680_n.jpg 540w\" sizes=\"auto, (max-width: 225px) 100vw, 225px\" \/><\/a><\/dt>\n<dd class=\"wp-caption-dd\">Bryan Blanco y Raul Perez.<\/dd>\n<\/dl>\n<\/div>\n<div id=\"attachment_218\" style=\"width: 310px\" class=\"wp-caption alignleft\"><a href=\"http:\/\/dalmadaesa.cl\/wp-content\/uploads\/2011\/08\/283979_2319696072419_1250040309_32764027_1993118_n.jpg\"><img loading=\"lazy\" decoding=\"async\" aria-describedby=\"caption-attachment-218\" class=\"size-medium wp-image-218 \" title=\"283979_2319696072419_1250040309_32764027_1993118_n\" src=\"http:\/\/dalmadaesa.cl\/wp-content\/uploads\/2011\/08\/283979_2319696072419_1250040309_32764027_1993118_n-300x225.jpg\" alt=\"Representativo en Argentina.\" width=\"300\" height=\"225\" srcset=\"https:\/\/dalmadaesa.cl\/wp-content\/uploads\/2011\/08\/283979_2319696072419_1250040309_32764027_1993118_n-300x225.jpg 300w, https:\/\/dalmadaesa.cl\/wp-content\/uploads\/2011\/08\/283979_2319696072419_1250040309_32764027_1993118_n.jpg 720w\" sizes=\"auto, (max-width: 300px) 100vw, 300px\" \/><\/a><p id=\"caption-attachment-218\" class=\"wp-caption-text\">Representativo en Argentina.<\/p><\/div>\n<p>&nbsp;<\/p>\n<p>&nbsp;<\/p>\n<p>&nbsp;<\/p>\n<p>&nbsp;<\/p>\n<p>&nbsp;<\/p>\n<p>&nbsp;<\/p>\n<p>&nbsp;<\/p>\n<p>&nbsp;<\/p>\n<p>&nbsp;<\/p>\n<p>&nbsp;<\/p>\n<p>&nbsp;<\/p>\n<p>&nbsp;<\/p>\n<p>&nbsp;<\/p>\n<p>&nbsp;<\/p>\n<p>Fuente: <a href=\"http:\/\/www.taekwondoolimpico.com\/\">http:\/\/www.taekwondoolimpico.com\/<\/a><\/p>\n","protected":false},"excerpt":{"rendered":"<p>Esta semana han regresado los representantes de Dalma Daesa en el Campeonato en Argentina, Championship S XXI. En esta nueva experiencia enriquecedora podemos encontrarnos con las opiniones de sus exponentes, hablamos con Bryan Blanco, quien obtuvo el tercer lugar en su categoria, esto es lo que nos cont\u00cd\u00b2: &gt;\u00bfHace cuanto tiempo practicas en Dalma Daesa?&hellip; <br \/> <a class=\"read-more\" href=\"https:\/\/dalmadaesa.cl\/?p=202\">Leer m\u00e1s<\/a><\/p>\n","protected":false},"author":2,"featured_media":0,"comment_status":"open","ping_status":"open","sticky":false,"template":"","format":"standard","meta":{"footnotes":""},"categories":[1,7],"tags":[],"class_list":["post-202","post","type-post","status-publish","format-standard","hentry","category-general","category-noticias"],"_links":{"self":[{"href":"https:\/\/dalmadaesa.cl\/index.php?rest_route=\/wp\/v2\/posts\/202","targetHints":{"allow":["GET"]}}],"collection":[{"href":"https:\/\/dalmadaesa.cl\/index.php?rest_route=\/wp\/v2\/posts"}],"about":[{"href":"https:\/\/dalmadaesa.cl\/index.php?rest_route=\/wp\/v2\/types\/post"}],"author":[{"embeddable":true,"href":"https:\/\/dalmadaesa.cl\/index.php?rest_route=\/wp\/v2\/users\/2"}],"replies":[{"embeddable":true,"href":"https:\/\/dalmadaesa.cl\/index.php?rest_route=%2Fwp%2Fv2%2Fcomments&post=202"}],"version-history":[{"count":1,"href":"https:\/\/dalmadaesa.cl\/index.php?rest_route=\/wp\/v2\/posts\/202\/revisions"}],"predecessor-version":[{"id":205,"href":"https:\/\/dalmadaesa.cl\/index.php?rest_route=\/wp\/v2\/posts\/202\/revisions\/205"}],"wp:attachment":[{"href":"https:\/\/dalmadaesa.cl\/index.php?rest_route=%2Fwp%2Fv2%2Fmedia&parent=202"}],"wp:term":[{"taxonomy":"category","embeddable":true,"href":"https:\/\/dalmadaesa.cl\/index.php?rest_route=%2Fwp%2Fv2%2Fcategories&post=202"},{"taxonomy":"post_tag","embeddable":true,"href":"https:\/\/dalmadaesa.cl\/index.php?rest_route=%2Fwp%2Fv2%2Ftags&post=202"}],"curies":[{"name":"wp","href":"https:\/\/api.w.org\/{rel}","templated":true}]}}