{"id":347,"date":"2012-02-10T22:26:17","date_gmt":"2012-02-10T22:26:17","guid":{"rendered":"http:\/\/dalmadaesa.cl\/?p=347"},"modified":"2012-03-01T22:13:06","modified_gmt":"2012-03-01T22:13:06","slug":"dalma-daesa-participa-en-campeonato-de-asociacion-cho-nam-soo","status":"publish","type":"post","link":"https:\/\/dalmadaesa.cl\/?p=347","title":{"rendered":"Participaci\u00f3n de DALMADAESA en Campeonato Valpara\u00cd\u00adso."},"content":{"rendered":"<p>&nbsp;<\/p>\n<p><a href=\"http:\/\/dalmadaesa.cl\/wp-content\/uploads\/2012\/02\/IMG_1371.jpg\"><img loading=\"lazy\" decoding=\"async\" class=\"size-medium wp-image-352 alignright\" title=\"IMG_1371\" src=\"http:\/\/dalmadaesa.cl\/wp-content\/uploads\/2012\/02\/IMG_1371-300x200.jpg\" alt=\"\" width=\"300\" height=\"200\" srcset=\"https:\/\/dalmadaesa.cl\/wp-content\/uploads\/2012\/02\/IMG_1371-300x200.jpg 300w, https:\/\/dalmadaesa.cl\/wp-content\/uploads\/2012\/02\/IMG_1371-1024x683.jpg 1024w, https:\/\/dalmadaesa.cl\/wp-content\/uploads\/2012\/02\/IMG_1371.jpg 1492w\" sizes=\"auto, (max-width: 300px) 100vw, 300px\" \/><\/a>El fin de semana\u00c2\u00a0reci\u00e9n\u00c2\u00a0pasado se realizo el campeonato a beneficio de la academia Cho nam Soo liderada por el Maestro Oscar Cordova. Nuestros representantes dejaron en alto el nombre de DALMADAESA, el equipo estuvo incorporado por grandes exponentes de nuestra\u00c2\u00a0organizaci\u00f3n, Patricio Gonzalez, Sergio Ahumada, Pablo Sepulveda realizaron excelentes y dificiles combates, DalmaDaesa fue destacado a traves del 1er Lugar de BRYAN BLANCO en su categor\u00cd\u00ada \u00c2\u00a0y segundo Lugar ANGEL OLAVE Y ALEJANDRO PUIGG.<\/p>\n<p><a href=\"http:\/\/dalmadaesa.cl\/wp-content\/uploads\/2012\/02\/IMG_1.jpg\"><img loading=\"lazy\" decoding=\"async\" class=\"size-medium wp-image-351 aligncenter\" title=\"IMG_1\" src=\"http:\/\/dalmadaesa.cl\/wp-content\/uploads\/2012\/02\/IMG_1-300x202.jpg\" alt=\"\" width=\"300\" height=\"202\" srcset=\"https:\/\/dalmadaesa.cl\/wp-content\/uploads\/2012\/02\/IMG_1-300x202.jpg 300w, https:\/\/dalmadaesa.cl\/wp-content\/uploads\/2012\/02\/IMG_1-1024x692.jpg 1024w\" sizes=\"auto, (max-width: 300px) 100vw, 300px\" \/><\/a><\/p>\n<p>DalmaDaesa nuevamente se hace presente en las actividades deportivas de nivel nacional mas aun con el objetivo final de dicho campeonato.<\/p>\n<p>\u00c2\u00a1\u00c2\u00a1FELICIDADES!!<\/p>\n<p><!--more--><\/p>\n<p>&nbsp;<\/p>\n<p><a href=\"http:\/\/dalmadaesa.cl\/wp-content\/uploads\/2012\/02\/campeonato_solidario_2012_afiche_small.jpg\"><img loading=\"lazy\" decoding=\"async\" class=\"size-full wp-image-349 alignleft\" title=\"campeonato_solidario_2012_afiche_small\" src=\"http:\/\/dalmadaesa.cl\/wp-content\/uploads\/2012\/02\/campeonato_solidario_2012_afiche_small.jpg\" alt=\"\" width=\"217\" height=\"346\" srcset=\"https:\/\/dalmadaesa.cl\/wp-content\/uploads\/2012\/02\/campeonato_solidario_2012_afiche_small.jpg 217w, https:\/\/dalmadaesa.cl\/wp-content\/uploads\/2012\/02\/campeonato_solidario_2012_afiche_small-188x300.jpg 188w\" sizes=\"auto, (max-width: 217px) 100vw, 217px\" \/><\/a><\/p>\n<p>Dalma Daesa participar\u00e1 en campeonato a beneficio de la\u00c2\u00a0asociaci\u00f3n\u00c2\u00a0Cho Nam Soo.<\/p>\n<p>El\u00c2\u00a0pr\u00f3ximo\u00c2\u00a0S\u00e1bado\u00c2\u00a025 de Febrero del presente 2012, DALMADAESA participara en el campeonato a beneficio de la\u00c2\u00a0asociaci\u00f3n\u00c2\u00a0Cho Nam Soo, esperamos ver pronto a nuestros amigos de Valpara\u00cd\u00adso.<\/p>\n<p>&nbsp;<\/p>\n<p>Cualquier duda a cristhian.barcelo@dalmadaesa.cl<\/p>\n<p>&nbsp;<\/p>\n<p>Carta de\u00c2\u00a0invitaci\u00f3n:<\/p>\n<p><em><strong>\u00abEstimados compa\u00cd\u00b1eros del Taekwondo:<\/strong><\/em><br \/>\n<em> Deseo invitarles a participar en el Campeonato de Taekwondo a beneficio de nuestra Asociaci\u00f3n que fue afectada por el \u00faltimo gran incendio ocurrido en Valpara\u00cd\u00adso en que sufrimos la p\u00e9rdida tanto de las instalaciones como de nuestra implementaci\u00f3n. Este evento se realizar\u00e1 en el Gimnasio Municipal del Complejo Deportivo del Estadio O\u00e2\u20ac\u2122Higgins de Valpara\u00cd\u00adso el d\u00cd\u00ada 25 de febrero de 2012.<\/em><\/p>\n<p><em>Espero contar con vuestra participaci\u00f3n en este evento que nos permitir\u00e1 recuperar, en parte, nuestro patrimonio para continuar con la difusi\u00f3n de nuestro deporte en la regi\u00f3n<\/em><br \/>\n<em> Ruego enviar vuestra confirmaci\u00f3n anticipadamente para efectos de coordinaciones varias.<\/em><br \/>\n<em> Sin otro particular,\u00c2\u00a0<\/em><em>les saluda Atte.,<\/em><\/p>\n<p><em>Maestro Oscar Cordova L\u00f3pez<\/em><br \/>\n<em> Presidente Asociaci\u00f3n de Taekwondo WTF., Valpara\u00cd\u00adso\u00bb<\/em><\/p>\n<p>&nbsp;<\/p>\n<p>Referencia y bases de\u00c2\u00a0participaci\u00f3n\u00c2\u00a0en pagina web\u00c2\u00a0Asociaci\u00f3n\u00c2\u00a0<a title=\"Asociaci\u00f3n Cho Nam Soo\" href=\"http:\/\/www.taekwondocho.org\/v5\/index.php?option=com_content&amp;view=article&amp;id=83\">Cho Nam Soo<\/a><\/p>\n","protected":false},"excerpt":{"rendered":"<p>&nbsp; El fin de semana\u00c2\u00a0reci\u00e9n\u00c2\u00a0pasado se realizo el campeonato a beneficio de la academia Cho nam Soo liderada por el Maestro Oscar Cordova. Nuestros representantes dejaron en alto el nombre de DALMADAESA, el equipo estuvo incorporado por grandes exponentes de nuestra\u00c2\u00a0organizaci\u00f3n, Patricio Gonzalez, Sergio Ahumada, Pablo Sepulveda realizaron excelentes y dificiles combates, DalmaDaesa fue destacado&hellip; <br \/> <a class=\"read-more\" href=\"https:\/\/dalmadaesa.cl\/?p=347\">Leer m\u00e1s<\/a><\/p>\n","protected":false},"author":2,"featured_media":0,"comment_status":"open","ping_status":"open","sticky":false,"template":"","format":"standard","meta":{"footnotes":""},"categories":[7],"tags":[],"class_list":["post-347","post","type-post","status-publish","format-standard","hentry","category-noticias"],"_links":{"self":[{"href":"https:\/\/dalmadaesa.cl\/index.php?rest_route=\/wp\/v2\/posts\/347","targetHints":{"allow":["GET"]}}],"collection":[{"href":"https:\/\/dalmadaesa.cl\/index.php?rest_route=\/wp\/v2\/posts"}],"about":[{"href":"https:\/\/dalmadaesa.cl\/index.php?rest_route=\/wp\/v2\/types\/post"}],"author":[{"embeddable":true,"href":"https:\/\/dalmadaesa.cl\/index.php?rest_route=\/wp\/v2\/users\/2"}],"replies":[{"embeddable":true,"href":"https:\/\/dalmadaesa.cl\/index.php?rest_route=%2Fwp%2Fv2%2Fcomments&post=347"}],"version-history":[{"count":1,"href":"https:\/\/dalmadaesa.cl\/index.php?rest_route=\/wp\/v2\/posts\/347\/revisions"}],"predecessor-version":[{"id":350,"href":"https:\/\/dalmadaesa.cl\/index.php?rest_route=\/wp\/v2\/posts\/347\/revisions\/350"}],"wp:attachment":[{"href":"https:\/\/dalmadaesa.cl\/index.php?rest_route=%2Fwp%2Fv2%2Fmedia&parent=347"}],"wp:term":[{"taxonomy":"category","embeddable":true,"href":"https:\/\/dalmadaesa.cl\/index.php?rest_route=%2Fwp%2Fv2%2Fcategories&post=347"},{"taxonomy":"post_tag","embeddable":true,"href":"https:\/\/dalmadaesa.cl\/index.php?rest_route=%2Fwp%2Fv2%2Ftags&post=347"}],"curies":[{"name":"wp","href":"https:\/\/api.w.org\/{rel}","templated":true}]}}