{"id":367,"date":"2012-04-12T02:14:56","date_gmt":"2012-04-12T02:14:56","guid":{"rendered":"http:\/\/dalmadaesa.cl\/?p=367"},"modified":"2012-05-29T00:24:31","modified_gmt":"2012-05-29T00:24:31","slug":"dalma-daesa-en-el-primer-encuentro-interuniversitario-2012","status":"publish","type":"post","link":"https:\/\/dalmadaesa.cl\/?p=367","title":{"rendered":"Dalma Daesa en el primer encuentro Interuniversitario 2012"},"content":{"rendered":"<div><!--more-->El\u00c2\u00a0S\u00e1bado\u00c2\u00a031 de Marzo se realizo el primer Entrenamiento Interuniversitario, realizado en las dependencias de la Universidad Andr\u00e9s Bello quien junto a\u00c2\u00a0\u00c2\u00a0la Universidad de Chile organizaron la primera actividad oficial inter universidades.<!--more--><\/div>\n<div><a href=\"http:\/\/dalmadaesa.cl\/wp-content\/uploads\/2012\/04\/DSC03506.jpg\"><img loading=\"lazy\" decoding=\"async\" class=\"alignleft  wp-image-368\" title=\"DSC03506\" src=\"http:\/\/dalmadaesa.cl\/wp-content\/uploads\/2012\/04\/DSC03506-1024x368.jpg\" alt=\"\" width=\"614\" height=\"221\" srcset=\"https:\/\/dalmadaesa.cl\/wp-content\/uploads\/2012\/04\/DSC03506-1024x368.jpg 1024w, https:\/\/dalmadaesa.cl\/wp-content\/uploads\/2012\/04\/DSC03506-300x107.jpg 300w\" sizes=\"auto, (max-width: 614px) 100vw, 614px\" \/><\/a><\/div>\n<div>El entrenador del equipo universitario Cristhian Barcel\u00f3 menciona: <em>\u00c2\u00a0\u00abNuestro equipo estuvo representado por\u00c2\u00a05 miembros (Julio Lopez, Francisca Mu\u00cd\u00b1oz, Pablo Sepulveda, Angel Olave y Luisa Guerra), los cuales fueron en representacion de la Universidad Arcis. La convocatoria general de la actividad cont\u00f3 con la participacion de 54 deportistas de diversas instituciones, entre ellas, Universidad de Chile, Universidad Andr\u00e9s Bello, Universidad Arcis, Instituto AIEP, Instituto IPCHILE.<\/em><\/div>\n<div><em>El entrenamiento estuvo \u00c2\u00a0enfocado en el\u00c2\u00a0desarrollo de los aspectos t\u00e9cnico t\u00e1cticos, por otra parte en el combate deportivo. &#8212; \u00c2\u00a0Espero que m\u00e1s practicantes de nuestra asociaci\u00f3n integren este equipo y aprovechen de participar de estas instancias deportivas.\u00bb<\/em><\/div>\n<div><\/div>\n<div>Esta actividad estuvo dirigido por la maestra 5\u00ba Dan Anyelina Contreras, T\u00e9cnico de la Universidad de Chile,\u00c2\u00a0y el profesor Eduardo Lima, T\u00e9cnico de la Universidad Andr\u00e9s Bello. \u00c2\u00a0 Esperemos que se realicen nuevas actividades para mejorar el desarrollo del taekwondo nacional.<\/div>\n","protected":false},"excerpt":{"rendered":"","protected":false},"author":2,"featured_media":0,"comment_status":"open","ping_status":"open","sticky":false,"template":"","format":"standard","meta":{"footnotes":""},"categories":[7],"tags":[],"class_list":["post-367","post","type-post","status-publish","format-standard","hentry","category-noticias"],"_links":{"self":[{"href":"https:\/\/dalmadaesa.cl\/index.php?rest_route=\/wp\/v2\/posts\/367","targetHints":{"allow":["GET"]}}],"collection":[{"href":"https:\/\/dalmadaesa.cl\/index.php?rest_route=\/wp\/v2\/posts"}],"about":[{"href":"https:\/\/dalmadaesa.cl\/index.php?rest_route=\/wp\/v2\/types\/post"}],"author":[{"embeddable":true,"href":"https:\/\/dalmadaesa.cl\/index.php?rest_route=\/wp\/v2\/users\/2"}],"replies":[{"embeddable":true,"href":"https:\/\/dalmadaesa.cl\/index.php?rest_route=%2Fwp%2Fv2%2Fcomments&post=367"}],"version-history":[{"count":1,"href":"https:\/\/dalmadaesa.cl\/index.php?rest_route=\/wp\/v2\/posts\/367\/revisions"}],"predecessor-version":[{"id":369,"href":"https:\/\/dalmadaesa.cl\/index.php?rest_route=\/wp\/v2\/posts\/367\/revisions\/369"}],"wp:attachment":[{"href":"https:\/\/dalmadaesa.cl\/index.php?rest_route=%2Fwp%2Fv2%2Fmedia&parent=367"}],"wp:term":[{"taxonomy":"category","embeddable":true,"href":"https:\/\/dalmadaesa.cl\/index.php?rest_route=%2Fwp%2Fv2%2Fcategories&post=367"},{"taxonomy":"post_tag","embeddable":true,"href":"https:\/\/dalmadaesa.cl\/index.php?rest_route=%2Fwp%2Fv2%2Ftags&post=367"}],"curies":[{"name":"wp","href":"https:\/\/api.w.org\/{rel}","templated":true}]}}