{"id":390,"date":"2012-05-29T00:10:06","date_gmt":"2012-05-29T00:10:06","guid":{"rendered":"http:\/\/dalmadaesa.cl\/?p=390"},"modified":"2012-05-31T00:16:32","modified_gmt":"2012-05-31T00:16:32","slug":"curso-de-primeros-auxilios-2012-lo-hice-con-mucho-amor-a-mi-carrera-y-a-lo-mas-importante-que-fue-en-mi-vida-mi-grupo-de-tae-kwon-do","status":"publish","type":"post","link":"https:\/\/dalmadaesa.cl\/?p=390","title":{"rendered":"CURSO DE PRIMEROS AUXILIOS 2012 \u00abLo hice con mucho amor a mi carrera y a lo m\u00e1s importante que fu\u00e9 en mi vida, mi grupo de Tae Kwon Do\u00bb."},"content":{"rendered":"<p><a href=\"http:\/\/dalmadaesa.cl\/wp-content\/uploads\/2012\/05\/PAS.png\"><img loading=\"lazy\" decoding=\"async\" class=\"alignleft size-medium wp-image-392\" title=\"PAS\" src=\"http:\/\/dalmadaesa.cl\/wp-content\/uploads\/2012\/05\/PAS-300x162.png\" alt=\"\" width=\"300\" height=\"162\" srcset=\"https:\/\/dalmadaesa.cl\/wp-content\/uploads\/2012\/05\/PAS-300x162.png 300w, https:\/\/dalmadaesa.cl\/wp-content\/uploads\/2012\/05\/PAS.png 786w\" sizes=\"auto, (max-width: 300px) 100vw, 300px\" \/><\/a>El\u00c2\u00a0S\u00e1bado\u00c2\u00a005 de Mayo\u00c2\u00a0comenz\u00f3\u00c2\u00a0el primer Seminario de Primeros Auxilios realizado por Dalmadaesa y estudiantes de Kinesiolog\u00cd\u00ada de Universidad de las\u00c2\u00a0Am\u00e9ricas, Mariana Valenzuela, actual 1\u00c2\u00b0Gup de Dalmadaesa y alumna antigua de nuestra\u00c2\u00a0organizaci\u00f3n\u00c2\u00a0lidero el grupo de trabajo con alumnos de todas las edades de taekwondo. Para comprender un poco mejor la\u00c2\u00a0motivaci\u00f3n\u00c2\u00a0de este innovador Curso hablamos con Mariana y nos cuenta:<\/p>\n<p><strong>1.- \u00bfComo Kinesiologa, consideras importante el manejo de primeros Auxilios para los practicantes de taekwondo?<\/strong><br \/>\nR: \u00c2\u00a0\u00abSi, ya que de esta manera tan sencilla podemos evitar graves lesiones a futuro y evitar disminuir el rendimineto deportivo de todos los participantes\u00bb.\u00c2\u00a0<!--more--><br \/>\n<strong>2.- Como surgio la idea de realizar este seminario para los practicantes de taekwondo de Dalmadaesa?<\/strong><br \/>\nR: \u00abSurgi\u00f3 porque siempre que entrenamos y vivimos un torneo, nos lesionamos, no sabemos como reconocer lo que nos pasa y qu\u00e9 hacer, lo que provoca una progresion en la lesi\u00f3n. \u00c2\u00a0Personalmente, de haber sabido tratar mis propias lesiones (como el desgarro ocurrido en mi participacion en Open Brazil 2009 y la lesi\u00f3n posterior de rodilla), estoy segura de que a\u00fan podr\u00cd\u00ada seguir entrenando activamente TKD y dar mi ex\u00e1men eternamente pendiente para cintur\u00f3n negro.<br \/>\nTambi\u00e9n me inquiet\u00f3 la cantidad de Danes que han surgido en estos \u00faltimos a\u00cd\u00b1os, la cantidad de escolares \u00c2\u00a0y su activa participacion entonces es prioridad saber reaccionar en situaciones complicadas como lo son las lesiones por traumatismo o \u00c2\u00a0movimientos tecnicos deficientemente ejecutados durante la practica\u00bb.<\/p>\n<p style=\"text-align: center;\"><a href=\"http:\/\/dalmadaesa.cl\/wp-content\/uploads\/2012\/05\/562136_10150978296801015_556311014_12195759_176547578_n.jpg\"><img loading=\"lazy\" decoding=\"async\" class=\"aligncenter  wp-image-404\" title=\"562136_10150978296801015_556311014_12195759_176547578_n\" src=\"http:\/\/dalmadaesa.cl\/wp-content\/uploads\/2012\/05\/562136_10150978296801015_556311014_12195759_176547578_n.jpg\" alt=\"\" width=\"576\" height=\"432\" srcset=\"https:\/\/dalmadaesa.cl\/wp-content\/uploads\/2012\/05\/562136_10150978296801015_556311014_12195759_176547578_n.jpg 960w, https:\/\/dalmadaesa.cl\/wp-content\/uploads\/2012\/05\/562136_10150978296801015_556311014_12195759_176547578_n-300x225.jpg 300w\" sizes=\"auto, (max-width: 576px) 100vw, 576px\" \/><\/a><\/p>\n<p><strong>3.- Como fue tu experiencia en la realizacion del seminario?<\/strong><br \/>\nR: \u00abYo lo pas\u00e9 incre\u00cd\u00adble!!, me encanta trabajar con mis compa\u00cd\u00b1eros, amigos y ex- alumnos en su \u00e9poca (ATENAS), adem\u00e1s fu\u00e9 emocionante, hermoso y gratificante poder entregarles parte de mis conocimientos y saber que los ayudar\u00e1 en todo momento de su vida\u00bb.<br \/>\n\u00abLo hice con mucho amor a mi carrera y a lo m\u00e1s importante que fu\u00e9 en mi vida, mi grupo de Tae Kwon Do\u00bb.<\/p>\n<p><strong>4.- Consideras la realizacion de otra actividad a mediano plazo?<\/strong><br \/>\nR: \u00abPero claro que si!!, con mucho gusto!!!! y porque qued\u00f3 mucha gente interesada en el curso y considero que es fundamental para todos los que entrenan en general saber primeros auxilios b\u00e1sicos\u00bb.<\/p>\n<p>&nbsp;<\/p>\n<p>VER Fotografias en <a title=\"Fotografias en Facebook\" href=\"http:\/\/www.facebook.com\/media\/set\/?set=a.10150985562393939.483654.37651508938&amp;type=3\">Facebook\u00c2\u00a0<\/a><\/p>\n","protected":false},"excerpt":{"rendered":"<p>El\u00c2\u00a0S\u00e1bado\u00c2\u00a005 de Mayo\u00c2\u00a0comenz\u00f3\u00c2\u00a0el primer Seminario de Primeros Auxilios realizado por Dalmadaesa y estudiantes de Kinesiolog\u00cd\u00ada de Universidad de las\u00c2\u00a0Am\u00e9ricas, Mariana Valenzuela, actual 1\u00c2\u00b0Gup de Dalmadaesa y alumna antigua de nuestra\u00c2\u00a0organizaci\u00f3n\u00c2\u00a0lidero el grupo de trabajo con alumnos de todas las edades de taekwondo. Para comprender un poco mejor la\u00c2\u00a0motivaci\u00f3n\u00c2\u00a0de este innovador Curso hablamos con Mariana y&hellip; <br \/> <a class=\"read-more\" href=\"https:\/\/dalmadaesa.cl\/?p=390\">Leer m\u00e1s<\/a><\/p>\n","protected":false},"author":2,"featured_media":0,"comment_status":"open","ping_status":"open","sticky":false,"template":"","format":"standard","meta":{"footnotes":""},"categories":[14,7],"tags":[26,25,27],"class_list":["post-390","post","type-post","status-publish","format-standard","hentry","category-entrevistas","category-noticias","tag-artes-marciales","tag-primeros-auxilios","tag-tkd"],"_links":{"self":[{"href":"https:\/\/dalmadaesa.cl\/index.php?rest_route=\/wp\/v2\/posts\/390","targetHints":{"allow":["GET"]}}],"collection":[{"href":"https:\/\/dalmadaesa.cl\/index.php?rest_route=\/wp\/v2\/posts"}],"about":[{"href":"https:\/\/dalmadaesa.cl\/index.php?rest_route=\/wp\/v2\/types\/post"}],"author":[{"embeddable":true,"href":"https:\/\/dalmadaesa.cl\/index.php?rest_route=\/wp\/v2\/users\/2"}],"replies":[{"embeddable":true,"href":"https:\/\/dalmadaesa.cl\/index.php?rest_route=%2Fwp%2Fv2%2Fcomments&post=390"}],"version-history":[{"count":1,"href":"https:\/\/dalmadaesa.cl\/index.php?rest_route=\/wp\/v2\/posts\/390\/revisions"}],"predecessor-version":[{"id":393,"href":"https:\/\/dalmadaesa.cl\/index.php?rest_route=\/wp\/v2\/posts\/390\/revisions\/393"}],"wp:attachment":[{"href":"https:\/\/dalmadaesa.cl\/index.php?rest_route=%2Fwp%2Fv2%2Fmedia&parent=390"}],"wp:term":[{"taxonomy":"category","embeddable":true,"href":"https:\/\/dalmadaesa.cl\/index.php?rest_route=%2Fwp%2Fv2%2Fcategories&post=390"},{"taxonomy":"post_tag","embeddable":true,"href":"https:\/\/dalmadaesa.cl\/index.php?rest_route=%2Fwp%2Fv2%2Ftags&post=390"}],"curies":[{"name":"wp","href":"https:\/\/api.w.org\/{rel}","templated":true}]}}