{"id":394,"date":"2012-05-29T00:49:45","date_gmt":"2012-05-29T00:49:45","guid":{"rendered":"http:\/\/dalmadaesa.cl\/?p=394"},"modified":"2012-05-31T00:03:41","modified_gmt":"2012-05-31T00:03:41","slug":"copa-cordillera-2012","status":"publish","type":"post","link":"https:\/\/dalmadaesa.cl\/?p=394","title":{"rendered":"EQUIPO UNIVERSITARIO, Selectivo, clasificaci\u00f3n, Copa Cordillera 2012 y mucho mas&#8230;"},"content":{"rendered":"<p>&nbsp;<\/p>\n<div id=\"attachment_400\" style=\"width: 568px\" class=\"wp-caption aligncenter\"><a href=\"http:\/\/dalmadaesa.cl\/wp-content\/uploads\/2012\/05\/ceo_jjoo.jpg\"><img loading=\"lazy\" decoding=\"async\" aria-describedby=\"caption-attachment-400\" class=\"size-full wp-image-400\" title=\"ceo_jjoo\" src=\"http:\/\/dalmadaesa.cl\/wp-content\/uploads\/2012\/05\/ceo_jjoo.jpg\" alt=\"\" width=\"558\" height=\"195\" srcset=\"https:\/\/dalmadaesa.cl\/wp-content\/uploads\/2012\/05\/ceo_jjoo.jpg 558w, https:\/\/dalmadaesa.cl\/wp-content\/uploads\/2012\/05\/ceo_jjoo-300x104.jpg 300w\" sizes=\"auto, (max-width: 558px) 100vw, 558px\" \/><\/a><p id=\"caption-attachment-400\" class=\"wp-caption-text\">Selectivo 2012<\/p><\/div>\n<p style=\"text-align: center;\">El Domingo 27 de Mayo, se realiz\u00f3 el campeonato Selectivo a Sudamericano estimado a realizarse en Argentina y Dalmadaesa no pod\u00cd\u00ada estar ausente. <!--more-->\u00c2\u00a0Nuestro equipo liderado por Cristhian Barcelo se preparo y particip\u00f3 de las diversas actividades todo\u00c2\u00a0comenz\u00f3\u00c2\u00a0con el\u00c2\u00a0concentrado Internacional preparatorio para los JJ.OO. Donde particip\u00f3 el equipo nacional de Argentina, junto a sus clasificados\u00c2\u00a0ol\u00cd\u00admpicos\u00c2\u00a0Sebastian Crismanich (-80) y Carola L\u00f3pez (-49), dirigidos por el Entrenador Gabriel Taraburelli. \u00c2\u00a0Tambi\u00e9n\u00c2\u00a0cont\u00f3 con la participaci\u00f3n del clasificado ol\u00cd\u00admpico Oscar Mu\u00cd\u00b1oz (-58), junto al entrenador olimpico Alvaro Vidal de Colombia. En cuanto a Chile, la actividad cont\u00f3 con la presencia de la deportista Yeny Contreras (-57). Esta actividad estuvo dirigida por el Director T\u00e9cnico Nacional, Felipe Soto, invitando a todas las escuelas de taekwondo y deportistas de los diversos centros de entrenamiento regionales (CER) del pais. Los entrenamientos se llevaron a cabo de doble jornada, donde en la ma\u00cd\u00b1ana se realizaba la\u00c2\u00a0preparaci\u00f3n\u00c2\u00a0f\u00cd\u00adsica y por la tarde entrenamientos de combate. El dia mi\u00e9rcoles 23 de Mayo se realiz\u00f3 un \u00abTest Match\u00bb desde las 10:00 am, donde se desarrollaron combates de alto nivel utilizando los protectores electr\u00f3nicos.<\/p>\n<p>La asociaci\u00f3n Dalma Daesa estuvo representado por Julio Lopez, Francisca Mu\u00cd\u00b1oz y Cristhian Barcel\u00f3, quienes demostraron muy buen nivel en los entrenamientos y en cada combate.<\/p>\n<p>&nbsp;<\/p>\n<p>&nbsp;<\/p>\n<p><strong>Copa Cordillera y 2do Selectivo Sudamericano<\/strong><\/p>\n<div id=\"attachment_395\" style=\"width: 447px\" class=\"wp-caption alignleft\"><a href=\"http:\/\/dalmadaesa.cl\/wp-content\/uploads\/2012\/05\/COPACORDILLERA.jpg\"><img loading=\"lazy\" decoding=\"async\" aria-describedby=\"caption-attachment-395\" class=\" wp-image-395 \" title=\"COPACORDILLERA\" src=\"http:\/\/dalmadaesa.cl\/wp-content\/uploads\/2012\/05\/COPACORDILLERA.jpg\" alt=\"\" width=\"437\" height=\"314\" srcset=\"https:\/\/dalmadaesa.cl\/wp-content\/uploads\/2012\/05\/COPACORDILLERA.jpg 728w, https:\/\/dalmadaesa.cl\/wp-content\/uploads\/2012\/05\/COPACORDILLERA-300x215.jpg 300w\" sizes=\"auto, (max-width: 437px) 100vw, 437px\" \/><\/a><p id=\"caption-attachment-395\" class=\"wp-caption-text\">Carmen Elzo, Bryan Blanco, Raul Perez, Francisca Mu\u00cd\u00b1oz y Cristhian Barcelo.<\/p><\/div>\n<p>Durante el fin de semana del 26 y 27 de mayo se desarroll\u00f3 la 4ta versi\u00f3n del campeonato Copa Cordillera, evento que albergo a 850 deportistas de todo el pais, mas una delegacion de argentina. Ademas dentro de este evento, se llevo a cabo la segunda fecha del selectivo sudamericano que defini\u00f3 la selecci\u00f3n nacional que representara al pais en el proximo torneo Sudamericano de Taekwondo a realizarse en Buenos Aires durante el 20 y 25 de Junio del presente a\u00cd\u00b1o.<br \/>\nNuestra Asociacion nos represento en el Torneo Copa Cordillera con 3 exponentes, siendo la mas destacada, Francisca Mu\u00cd\u00b1oz quien gan\u00f3 medalla de oro en su\u00c2\u00a0categor\u00cd\u00ada\u00c2\u00a0contra la representante de Argentina con un marcador holgado de 6-2. Por otro lado los Gup, Miguel Gallardo (Club Yi Sun Sin) se adjudico el bronce y Sebastian Cordova (Club Esparta) se fue sin presea pero combatiendo a gran nivel.<br \/>\nEn cuanto al tope selectivo, nuestro equipo logr\u00f3 la clasificacion de dos de sus deportistas al proximo sudamericano. Se trata de Bryan Blanco, quien ya habia ganado el selectivo anterior, por lo que le bastaba pasar a la final de este selectivo, cosa que logro con exito, clasificando primero en su categoria. Por otra Parte Cristhian Barcel\u00f3, solo le bastaba llegar a semifinales para lograr los puntos necesarios para la clasificaci\u00f3n a este campeonato, hecho que ocurrio, y aunque perdi\u00f3 en punto de oro en el combate de semifinal con un discretisimo arbitraje, quedo clasificado en primer lugar para integrar la selecci\u00f3n nacional. Por otra parte la deportista Carmen Elzo, quedo eliminada en su categor\u00cd\u00ada, ya que por el sistema de competencia\u00c2\u00a0deb\u00cd\u00ada vencer al menos 2 veces a su rival, pero solo logro vencer una vez, cayendo en dos de los tres combates.\u00c2\u00a0Tambi\u00e9n\u00c2\u00a0se conto con la\u00c2\u00a0participaci\u00f3n\u00c2\u00a0de Julio Lopez quien con una semana sobrecargada de entrenamiento no pudo con su rival en primera ronda, quedando eliminado. Sin embargo, Julio no se jugaba la clasificaci\u00f3n.<\/p>\n<p>Tambien cabe destacar la\u00c2\u00a0compa\u00cd\u00b1\u00cd\u00ada\u00c2\u00a0de aquellos que fueron a alentar a sus compa\u00cd\u00b1eros, que sin duda son un gran apoyo moral para todos en cada combate.<\/p>\n<p>Un \u00e9xito sin duda para nuestra asociacion, una gran semana llena de logros!!!<\/p>\n<p>VER Clasificados en <a href=\"http:\/\/www.deporteolimpico.cl\/2012\/05\/27\/resultados-selectivo-sudamericano-de-taekwondo\/\">deporteolimpico.cl<\/a><\/p>\n<p>VER mas fotos en <a href=\"http:\/\/www.difusiondeportiva.cl\/?p=913\">difusiondeportiva.cl<\/a><\/p>\n<p>VER mas fotos en <a href=\"http:\/\/www.facebook.com\/media\/set\/?set=a.10151011967178939.486545.37651508938&amp;type=1\">Dalmadaesa FB<\/a><\/p>\n","protected":false},"excerpt":{"rendered":"<p>&nbsp; El Domingo 27 de Mayo, se realiz\u00f3 el campeonato Selectivo a Sudamericano estimado a realizarse en Argentina y Dalmadaesa no pod\u00cd\u00ada estar ausente.<\/p>\n","protected":false},"author":2,"featured_media":0,"comment_status":"open","ping_status":"open","sticky":false,"template":"","format":"standard","meta":{"footnotes":""},"categories":[10],"tags":[13,12,11],"class_list":["post-394","post","type-post","status-publish","format-standard","hentry","category-equipo-universitario-dalmadaesa","tag-dalmadaesa","tag-taekwondo","tag-universitario"],"_links":{"self":[{"href":"https:\/\/dalmadaesa.cl\/index.php?rest_route=\/wp\/v2\/posts\/394","targetHints":{"allow":["GET"]}}],"collection":[{"href":"https:\/\/dalmadaesa.cl\/index.php?rest_route=\/wp\/v2\/posts"}],"about":[{"href":"https:\/\/dalmadaesa.cl\/index.php?rest_route=\/wp\/v2\/types\/post"}],"author":[{"embeddable":true,"href":"https:\/\/dalmadaesa.cl\/index.php?rest_route=\/wp\/v2\/users\/2"}],"replies":[{"embeddable":true,"href":"https:\/\/dalmadaesa.cl\/index.php?rest_route=%2Fwp%2Fv2%2Fcomments&post=394"}],"version-history":[{"count":1,"href":"https:\/\/dalmadaesa.cl\/index.php?rest_route=\/wp\/v2\/posts\/394\/revisions"}],"predecessor-version":[{"id":396,"href":"https:\/\/dalmadaesa.cl\/index.php?rest_route=\/wp\/v2\/posts\/394\/revisions\/396"}],"wp:attachment":[{"href":"https:\/\/dalmadaesa.cl\/index.php?rest_route=%2Fwp%2Fv2%2Fmedia&parent=394"}],"wp:term":[{"taxonomy":"category","embeddable":true,"href":"https:\/\/dalmadaesa.cl\/index.php?rest_route=%2Fwp%2Fv2%2Fcategories&post=394"},{"taxonomy":"post_tag","embeddable":true,"href":"https:\/\/dalmadaesa.cl\/index.php?rest_route=%2Fwp%2Fv2%2Ftags&post=394"}],"curies":[{"name":"wp","href":"https:\/\/api.w.org\/{rel}","templated":true}]}}