{"id":401,"date":"2012-05-30T03:27:10","date_gmt":"2012-05-30T03:27:10","guid":{"rendered":"http:\/\/dalmadaesa.cl\/?p=401"},"modified":"2012-05-31T00:15:18","modified_gmt":"2012-05-31T00:15:18","slug":"cristhian-nos-cuenta-un-poco-sobre-su-ultimo-ano","status":"publish","type":"post","link":"https:\/\/dalmadaesa.cl\/?p=401","title":{"rendered":"Cristhian nos cuenta un poco de todo."},"content":{"rendered":"<p><a href=\"http:\/\/dalmadaesa.cl\/wp-content\/uploads\/2012\/05\/barcelo.jpg\"><img loading=\"lazy\" decoding=\"async\" class=\"alignleft size-medium wp-image-402\" title=\"barcelo\" src=\"http:\/\/dalmadaesa.cl\/wp-content\/uploads\/2012\/05\/barcelo-175x300.jpg\" alt=\"\" width=\"175\" height=\"300\" \/><\/a>El presente a\u00cd\u00b1o a sido de variadas actividades en las que Dalmadaesa se ha desempe\u00cd\u00b1ado diversos son los componentes que hacen posible el progreso de la organizaci\u00f3n, sus actividades benefician a los integrantes de la misma, en esta oportunidad hablaremos con Cristhian Barcel\u00f3 actual presidente quien ha tenido un acelerado a\u00cd\u00b1o y participaciones destacadas a nivel nacional, como en el caso de la ultima elecci\u00f3n de directiva de la Federaci\u00f3n Nacional de taekwondo, Cristhian nos cuenta un poco mas al respecto y de mucho mas.<\/p>\n<p>\u00bfComo ha sido la experiencia de ser parte de la comisi\u00f3n electoral de la federacion Nacional?<\/p>\n<p>\u00abLa experiencia de haber sido parte de la Comisi\u00f3n Electoral fue muy gratificante y con gran sentido de responsabilidad, ya que se intent\u00f3 hacer el proceso eleccionario con el mayor profesionalismo y lo mas transparente posible. Cabe destacar que es primera vez en la historia de la Federacion Chilena de Taekwondo que se lleva a cabo este tipo de elecciones, ya que en los procesos anteriores, el directorio habia sido designado en conceso. Por lo mismo, considero que era muy relevante el rol que cumplimos como comisi\u00f3n electoral\u00bb.<!--more--><\/p>\n<p>Como presidente de Dalmadaesa, \u00bfConsideras que es importante para la organizaci\u00f3n este tipo de participaci\u00f3n en la federaci\u00f3n?<\/p>\n<p>\u00abS\u00cd\u00ad, muy importante. Siempre es importante estar participando en las distintas actividades de la Federaci\u00f3n, demostrar a nuestra organizaci\u00f3n como una instituci\u00f3n activa y que aporta al desarrollo del taekwondo nacional. Por otra parte creo que el hecho de haber representado a nuestra organizaci\u00f3n dentro de la comision electoral, y haberlo hecho de forma transparente, deja una muy buena imagen de nuestra institucion ante las otras asociaciones y miembros del directorio\u00bb.<\/p>\n<p>Como competidor, \u00bfQu\u00e9 se siente ser parte de la seleccion nacional adulta de taekwondo?<\/p>\n<p>\u00abEs una gran responsabilidad ser parte del Seleccionado Nacional, ya que cuando tienes que competir representando a Chile en alg\u00fan evento internacional, sabes que hay un pa\u00cd\u00ads observando, al cual hay que dejar bien representado. Por otra parte se debe tener una gran responsabilidad y disciplina para cumplir con todas las sesiones de entrenamiento para estar bien preparado para los desaf\u00cd\u00ados que se vayan presentando. Y por \u00faltimo la responsabilidad de tener una conducta intachable, ya que hay muchos ni\u00cd\u00b1os y j\u00f3venes que, aunque uno no se percate, te est\u00e1n observando y quiz\u00e1s imitando. Por tanto la prioridad siempre es transmitir valores y conductas positivas hacia esos futuros campeones\u00bb.<\/p>\n<p>Y bueno para tantas actividades y desaf\u00cd\u00ados, \u00bfCu\u00e1les son los siguientes objetivos?<\/p>\n<p>\u00abMis objetivos a corto plazo son recuperar el rendimiento f\u00cd\u00adsico por haber estado lesionado por tanto tiempo (Me fractur\u00e9 el tobillo en Mayo del 2011 y estuve 3 meses sin entrenar, y luego en Octubre del mismo a\u00cd\u00b1o, tuve una rotura de menisco la cual me dej\u00f3 6 meses fuera de las canchas). Ahora que estoy clasificado al sudamericano, deseo representar al pa\u00cd\u00ads lo mejor posible, espero se d\u00e9 una medalla, aunque reconozco que el nivel en mi categor\u00cd\u00ada esta muy alto (dentro de la categor\u00cd\u00ada tenemos a un clasificado a los juegos olimpicos). Por \u00faltimo mi objetivo para este a\u00cd\u00b1o es trabajar para lograr una medalla en el panamericano a desarrollarse en Octubre en Bolivia, ahi espero estar al 100% en mi rendimiento\u00bb.<\/p>\n<p>Por \u00faltimo, como entrenador de la selecci\u00f3n universitaria de Dalmadaesa, \u00bfCu\u00e1les son los pr\u00f3ximos objetivos?<\/p>\n<p>\u00abComo t\u00e9cnico de la selecci\u00f3n universitaria Dalma Daesa, el objetivo m\u00e1s inmediato es conformar un equipo de base que se proyecte hacia un nivel de alto rendimiento y que represente a la asociaci\u00f3n en los eventos nacionales e internacionales\u00bb.<\/p>\n<p>\u00abFinalmente quiero aprovechar est\u00e1 instancia para incentivar a todos aquellos jovenes y adultos a que sigan entrenando, a los instructores y monitores, a que se sigan perfeccionando, para que nuestros alumnos y deportistas nos sigan representando en mayor cantidad\u00c2\u00a0en las diversas instancias que se presenten, dejo la invitaci\u00f3n a que se integren a los diferentes espacios de pr\u00e1ctica\u00bb<\/p>\n","protected":false},"excerpt":{"rendered":"<p>El presente a\u00cd\u00b1o a sido de variadas actividades en las que Dalmadaesa se ha desempe\u00cd\u00b1ado diversos son los componentes que hacen posible el progreso de la organizaci\u00f3n, sus actividades benefician a los integrantes de la misma, en esta oportunidad hablaremos con Cristhian Barcel\u00f3 actual presidente quien ha tenido un acelerado a\u00cd\u00b1o y participaciones destacadas a&hellip; <br \/> <a class=\"read-more\" href=\"https:\/\/dalmadaesa.cl\/?p=401\">Leer m\u00e1s<\/a><\/p>\n","protected":false},"author":2,"featured_media":0,"comment_status":"open","ping_status":"open","sticky":false,"template":"","format":"standard","meta":{"footnotes":""},"categories":[14,10],"tags":[16,13,17,12],"class_list":["post-401","post","type-post","status-publish","format-standard","hentry","category-entrevistas","category-equipo-universitario-dalmadaesa","tag-cristhian-barcelo","tag-dalmadaesa","tag-entrevista","tag-taekwondo"],"_links":{"self":[{"href":"https:\/\/dalmadaesa.cl\/index.php?rest_route=\/wp\/v2\/posts\/401","targetHints":{"allow":["GET"]}}],"collection":[{"href":"https:\/\/dalmadaesa.cl\/index.php?rest_route=\/wp\/v2\/posts"}],"about":[{"href":"https:\/\/dalmadaesa.cl\/index.php?rest_route=\/wp\/v2\/types\/post"}],"author":[{"embeddable":true,"href":"https:\/\/dalmadaesa.cl\/index.php?rest_route=\/wp\/v2\/users\/2"}],"replies":[{"embeddable":true,"href":"https:\/\/dalmadaesa.cl\/index.php?rest_route=%2Fwp%2Fv2%2Fcomments&post=401"}],"version-history":[{"count":1,"href":"https:\/\/dalmadaesa.cl\/index.php?rest_route=\/wp\/v2\/posts\/401\/revisions"}],"predecessor-version":[{"id":403,"href":"https:\/\/dalmadaesa.cl\/index.php?rest_route=\/wp\/v2\/posts\/401\/revisions\/403"}],"wp:attachment":[{"href":"https:\/\/dalmadaesa.cl\/index.php?rest_route=%2Fwp%2Fv2%2Fmedia&parent=401"}],"wp:term":[{"taxonomy":"category","embeddable":true,"href":"https:\/\/dalmadaesa.cl\/index.php?rest_route=%2Fwp%2Fv2%2Fcategories&post=401"},{"taxonomy":"post_tag","embeddable":true,"href":"https:\/\/dalmadaesa.cl\/index.php?rest_route=%2Fwp%2Fv2%2Ftags&post=401"}],"curies":[{"name":"wp","href":"https:\/\/api.w.org\/{rel}","templated":true}]}}