{"id":429,"date":"2012-06-17T19:27:34","date_gmt":"2012-06-17T19:27:34","guid":{"rendered":"http:\/\/dalmadaesa.cl\/?p=429"},"modified":"2012-06-17T19:28:22","modified_gmt":"2012-06-17T19:28:22","slug":"entrevista-nicolas-letelier-en-general-siempre-disfruto-mucho-todas-las-actividades","status":"publish","type":"post","link":"https:\/\/dalmadaesa.cl\/?p=429","title":{"rendered":"Entrevista Nicolas Letelier:\u00bb En general siempre disfruto mucho todas las actividades\u00bb"},"content":{"rendered":"<p>El\u00c2\u00a0s\u00e1bado\u00c2\u00a016 de Junio del 2012, se realizo el campeonato de ni\u00cd\u00b1os y ni\u00cd\u00b1as hasta 11 a\u00cd\u00b1os en las dependencias del Colegio Atenas, La Florida. \u00c2\u00a0Hoy nos damos tiempo para hablar con el Estudiante de\u00c2\u00a0educaci\u00f3n\u00c2\u00a0F\u00cd\u00adsica\u00c2\u00a0e instructor de taekwondo del mismo colegio y organizador del mismo campeonato, a\u00c2\u00a0continuaci\u00f3n\u00c2\u00a0conozcamos un poco mas de el.<!--more--><\/p>\n<p><strong> \u00bfComo estudiante de educaci\u00f3n f\u00cd\u00adsica y \u00c2\u00a0encargado en la administraci\u00f3n de este campeonato, consideras importante el desarrollo de actividades especificas para los alumnos mas peque\u00cd\u00b1os?<\/strong><\/p>\n<p>R: \u00abBueno considero que este tipo de actividades son de mucha importancia sobre todo para los alumnos mas peque\u00cd\u00b1os de nuestra asociaci\u00f3n, ya que ellos son nuestro futuro y \u00c2\u00a0potenciar este tipo de actividades provocan mejores resultados deportivos y genera la instancia de aprendizaje y desarrollos personales, \u00c2\u00a0este es el segmento al debemos dar la importancia que \u00c2\u00a0merece. \u00c2\u00a0 \u00c2\u00a0Ahora recordemos que a este segmento etario se \u00c2\u00a0debe estimular el desarrollo cognitivo, mental, emociona y social\u00bb.<\/p>\n<p><strong>Ahora es el campeonato, pero hace un tiempo se organizo un seminario con el mismo segmento\u00c2\u00a0etario. \u00bfComo surgi\u00f3 la idea de realizar estas actividades exclusivas para nuestros practicantes mas peque\u00cd\u00b1os de Dalmadaesa?<\/strong><\/p>\n<p>R: \u00abLa idea surgi\u00f3 al darnos cuenta que este segmento es igual o mayor al segmento infantil-juvenil, ademas, algunas escuelas de la asociaci\u00f3n en su gran mayor\u00cd\u00ada son mini-maxi, en este sentido se necesitaba realizar mas actividades asociadas a los ni\u00cd\u00b1os mas peque\u00cd\u00b1os tomando en cuenta que los mas peque\u00cd\u00b1os solo tienen 2 o 3 actividades importantes durante el a\u00cd\u00b1o, la idea siempre fue darles la importancia que merecen\u00bb<\/p>\n<p><strong>\u00bf Como ha sido la experiencia en la realizaci\u00f3n de estas actividades?<\/strong><\/p>\n<p>R: \u00c2\u00a0\u00abTodo tipo de actividad en la cual participo ya sea en campeonatos, seminarios, campamentos, ex\u00e1menes o como instructor, ayuda en mi desarrollo personal como instructor y como futuro profesor de\u00c2\u00a0Educaci\u00f3n\u00c2\u00a0Fisica, las disfruto de sobremanera debido a que estas actividades estimulan el desarrollo de los alumnos y tambien potencian mis capacidades, una simbiosis re simpatica. \u00c2\u00a0Ademas siempre es grato compartir con alumnos de otras escuelas, que tienen diversas realidades, ver el entusiasmo que coloc\u00f3 cada uno de ellos en los ejercicios, el apoyo de los apoderados y el compromiso de los instructores en llevar a sus alumnos a este tipo de actividades.<\/p>\n<p>En general siempre disfruto mucho todas las actividades y aun mas contento debido a que los apoderados participan siempre sin importar las inclemencias del tiempo\u00bb.<\/p>\n<p><strong>\u00bfCual es la\u00c2\u00a0pr\u00f3xima\u00c2\u00a0actividad especifica?<\/strong><\/p>\n<p>R: \u00abCon la ayuda de la instructora Romina Araya tenemos la tarea de realizar mas actividades durante el a\u00cd\u00b1o para los ni\u00cd\u00b1os mas peque\u00cd\u00b1os de la asociaci\u00f3n, demostrando el inter\u00e9s que tiene la asociaci\u00f3n y los instructores en el desarrollo de nuestros alumnos, por ahora estamos pensando un especifico de formas, lo mas probable que para Agosto,\u00c2\u00a0as\u00cd\u00ad\u00c2\u00a0que atentos con eso y a participa\u00bb.<br \/>\nAhora aprovecho de decir que la pr\u00f3xima actividad mini-maxi que se va a desarrollar es el campeonato copa \u00abHwa rang\u00bb mini-maxi, que se realizara el s\u00e1bado 16 de junio, en las dependencias del colegio Atenas.-<\/p>\n","protected":false},"excerpt":{"rendered":"<p>El\u00c2\u00a0s\u00e1bado\u00c2\u00a016 de Junio del 2012, se realizo el campeonato de ni\u00cd\u00b1os y ni\u00cd\u00b1as hasta 11 a\u00cd\u00b1os en las dependencias del Colegio Atenas, La Florida. \u00c2\u00a0Hoy nos damos tiempo para hablar con el Estudiante de\u00c2\u00a0educaci\u00f3n\u00c2\u00a0F\u00cd\u00adsica\u00c2\u00a0e instructor de taekwondo del mismo colegio y organizador del mismo campeonato, a\u00c2\u00a0continuaci\u00f3n\u00c2\u00a0conozcamos un poco mas de el.<\/p>\n","protected":false},"author":2,"featured_media":0,"comment_status":"open","ping_status":"open","sticky":false,"template":"","format":"standard","meta":{"footnotes":""},"categories":[14],"tags":[],"class_list":["post-429","post","type-post","status-publish","format-standard","hentry","category-entrevistas"],"_links":{"self":[{"href":"https:\/\/dalmadaesa.cl\/index.php?rest_route=\/wp\/v2\/posts\/429","targetHints":{"allow":["GET"]}}],"collection":[{"href":"https:\/\/dalmadaesa.cl\/index.php?rest_route=\/wp\/v2\/posts"}],"about":[{"href":"https:\/\/dalmadaesa.cl\/index.php?rest_route=\/wp\/v2\/types\/post"}],"author":[{"embeddable":true,"href":"https:\/\/dalmadaesa.cl\/index.php?rest_route=\/wp\/v2\/users\/2"}],"replies":[{"embeddable":true,"href":"https:\/\/dalmadaesa.cl\/index.php?rest_route=%2Fwp%2Fv2%2Fcomments&post=429"}],"version-history":[{"count":0,"href":"https:\/\/dalmadaesa.cl\/index.php?rest_route=\/wp\/v2\/posts\/429\/revisions"}],"wp:attachment":[{"href":"https:\/\/dalmadaesa.cl\/index.php?rest_route=%2Fwp%2Fv2%2Fmedia&parent=429"}],"wp:term":[{"taxonomy":"category","embeddable":true,"href":"https:\/\/dalmadaesa.cl\/index.php?rest_route=%2Fwp%2Fv2%2Fcategories&post=429"},{"taxonomy":"post_tag","embeddable":true,"href":"https:\/\/dalmadaesa.cl\/index.php?rest_route=%2Fwp%2Fv2%2Ftags&post=429"}],"curies":[{"name":"wp","href":"https:\/\/api.w.org\/{rel}","templated":true}]}}