{"id":433,"date":"2012-06-18T15:28:25","date_gmt":"2012-06-18T15:28:25","guid":{"rendered":"http:\/\/dalmadaesa.cl\/?p=433"},"modified":"2012-06-18T15:34:52","modified_gmt":"2012-06-18T15:34:52","slug":"bryan-blanco-no-se-trata-solo-de-representar-al-pais-sino-de-darle-una-alegria-a-todos","status":"publish","type":"post","link":"https:\/\/dalmadaesa.cl\/?p=433","title":{"rendered":"Bryan Blanco:\u00bb&#8230;no se trata solo de representar al pa\u00cd\u00ads sino de darle una alegr\u00cd\u00ada a todos\u00bb."},"content":{"rendered":"<div id=\"attachment_434\" style=\"width: 157px\" class=\"wp-caption alignleft\"><a href=\"http:\/\/dalmadaesa.cl\/wp-content\/uploads\/2012\/06\/yo.jpg\"><img loading=\"lazy\" decoding=\"async\" aria-describedby=\"caption-attachment-434\" class=\"size-medium wp-image-434\" title=\"yo\" src=\"http:\/\/dalmadaesa.cl\/wp-content\/uploads\/2012\/06\/yo-147x300.jpg\" alt=\"\" width=\"147\" height=\"300\" \/><\/a><p id=\"caption-attachment-434\" class=\"wp-caption-text\">Bryan Blanco, entrenador equipo escolar Dalmadaesa.<\/p><\/div>\n<p>El pasado 20 de Mayo del presente 2012, un representativo de nuestra\u00c2\u00a0organizaci\u00f3n\u00c2\u00a0participo en el ultimo selectivo para el clasificatorio a un sudamericano estimado a realizarse en Buenos Aires. Entre el equipo nuestro instructor del colegio Almenar del Maipo, instructor a cargo del equipo de taekwodo escolar, seleccionado de Centro de Entrenamiento Regional (CER Metropolitano) y estudiante de\u00c2\u00a0educaci\u00f3n\u00c2\u00a0F\u00cd\u00adsica, Bryan Blanco clasifico como primero en su\u00c2\u00a0categor\u00cd\u00ada\u00c2\u00a0a dicho campeonato en la\u00c2\u00a0categor\u00cd\u00ada\u00c2\u00a063 Kg. \u00c2\u00a0Lo que nos hace sentir orgullosos como\u00c2\u00a0organizaci\u00f3n\u00c2\u00a0no solo por ser parte de la\u00c2\u00a0selecci\u00f3n\u00c2\u00a0si no que ser parte de un proceso global y participativo. A\u00c2\u00a0continuaci\u00f3n\u00c2\u00a0un estracto de lo conversado con el en este periodo de tiempo.<\/p>\n<p><strong>Ya llevas un tiempo entrenando fuerte, el ingreso el a\u00cd\u00b1o pasado al CER metropolitano fue un gran logro personal, ahora ingresar a una instancia de mayor\u00c2\u00a0presi\u00f3n\u00c2\u00a0\u00bfQue se siente ser parte de la selecci\u00f3n nacional adulta de taekwondo?<\/strong><\/p>\n<p>R: \u00abUna alegr\u00cd\u00ada y orgullo tremendos, porque tendr\u00e9 la posibilidad de representar al pa\u00cd\u00ads, a todas las personas a las que quiero mucho, a la Dalma Daesa y a mis alumnos. Tambi\u00e9n es una gran responsabilidad porque debo entrenar aun m\u00e1s fuerte, estas \u00faltimas semanas as\u00cd\u00ad lo he hecho y los que me conocen o me han visto lo saben, es que no se trata solo de representar al pa\u00cd\u00ads sino de darle una alegr\u00cd\u00ada a todos, ganar medallas para Chile, para los que me apoyan, para los que creen en mi y para los que han empapado el Dobok alguna vez con sudor entrenando a full conmigo\u00bb.<!--more--><br \/>\n<strong>Ha sido un camino\u00c2\u00a0dif\u00cd\u00adcil\u00c2\u00a0de esfuerzo y de privaciones personales \u00bfCuales son los siguientes objetivos?<\/strong><\/p>\n<p>R: \u00abDar lo mejor en el\u00c2\u00a0pr\u00f3ximo\u00c2\u00a0Sudamericano en Buenos Aires, Argentina. He trabajado duro para ir a ganar aunque tengo muy claro que esta ser\u00e1 mi primera experiencia internacional a nivel de selecciones y que la dificultad ser\u00e1 mayor, pero tengo mucha fe en mis capacidades, en el trabajo que hemos hecho con el preparador f\u00cd\u00adsico Paulo S\u00e1ez y todos los recursos t\u00e9cnico\/t\u00e1cticos que he aprendido los \u00faltimos a\u00cd\u00b1os con el Entrenador del CER Regional de Taekwondo, sabonim Juan Riquelme\u00bb.<\/p>\n<p>Para el segundo semestre est\u00e1n los clasificatorios y el Panamericano en s\u00cd\u00ad.<\/p>\n<p>Por el momento mi cabeza est\u00e1 en el 2012 aunque sin duda que ser\u00cd\u00ada un sue\u00cd\u00b1o hecho realidad el competir en un mundial, pero debo entrenar mucho porque si algo he aprendido es que en un abrir y cerrar de ojos lo que uno ve\u00cd\u00ada lejano o inalcanzable se presenta ante nosotros como una oportunidad cierta y accesible, pero OJO!! Nunca se presenta esa oportunidad porque s\u00cd\u00ad, no llegar\u00e1 sola, sino que ser\u00e1 producto de un trabajo, de un gran esfuerzo y a veces de un sobre esfuerzo\u00bb.<\/p>\n<p><strong>La exigencia se viene de forma ascendente, sin embargo\u00c2\u00a0tambi\u00e9n\u00c2\u00a0te preocupas de entrenar a nuevos talentos como alguna vez te entrenaron a ti \u00bfComo entrenador de la selecci\u00f3n escolar de Dalma Daesa, cuales son los pr\u00f3ximos objetivos?<\/strong><\/p>\n<p>R:\u00bb Este a\u00cd\u00b1o ha sido bastante particular ya que muchos de los alumnos que participaban del equipo escolar han pasado a ser adultos y otros han dejado de asistir por diversos motivos. Los objetivos para este a\u00cd\u00b1o han cambiado y ahora me centrar\u00e9 principalmente en la formaci\u00f3n de un nuevo equipo, con alumnos que quiz\u00e1s no tengan mucha experiencia pero que si tengan muchas ganas de entrenar y de esta manera entregarles todo lo que s\u00e9 del combate deportivo y las competencias. El entrenamiento del Equipo escolar es 1 d\u00cd\u00ada a la semana por lo que no puedo hacer grandes cambios a nivel t\u00e9cnico o de preparaci\u00f3n f\u00cd\u00adsica, eso queda para sus academias, yo lo que puedo hacer es transmitirles toda mi experiencia como competidor y reforzarlos mucho en las t\u00e1cticas de combate, darles herramientas para resolver las distintas situaciones del combate. Quiz\u00e1s este a\u00cd\u00b1o no participemos en muchos campeonatos como si lo hicimos en a\u00cd\u00b1os anteriores pero si espero que terminemos el a\u00cd\u00b1o con un equipo fuerte, con nuevas caras y listo para brillar en las competencias del pr\u00f3ximo a\u00cd\u00b1o\u00bb.<\/p>\n<p>\u00abAprovecho de hacer un llamado a los instructores y alumnos de la asociaci\u00f3n para que sean parte del Equipo Escolar, asistan a los entrenamientos y aprovechen estas instancias que aportan mucho a la formaci\u00f3n de los miembros de nuestra asociaci\u00f3n Dalma Daesa\u00bb<\/p>\n<p>Grandes satisfacciones y buenos progresos, esperemos que a Bryan siga participando tan activamente en torno a actividades que estimulen su\u00c2\u00a0vocaci\u00f3n, Felicitaciones y a seguir creciendo!.<\/p>\n<p>Ver fotos asociadas: <a href=\"http:\/\/www.facebook.com\/media\/set\/?set=a.415412038938.205210.37651508938&amp;type=3\">Facebook Dalmadaesa<\/a><\/p>\n<p><em>\u00c2\u00a0Seleccionado en la Nacional de Taekwondo: referencia:<a href=\"http:\/\/www.taekwondowtf.cl\/legacy\/index.html\"> taekwondowtf.cl<\/a><\/em><\/p>\n<p>&nbsp;<\/p>\n","protected":false},"excerpt":{"rendered":"<p>El pasado 20 de Mayo del presente 2012, un representativo de nuestra\u00c2\u00a0organizaci\u00f3n\u00c2\u00a0participo en el ultimo selectivo para el clasificatorio a un sudamericano estimado a realizarse en Buenos Aires. Entre el equipo nuestro instructor del colegio Almenar del Maipo, instructor a cargo del equipo de taekwodo escolar, seleccionado de Centro de Entrenamiento Regional (CER Metropolitano) y&hellip; <br \/> <a class=\"read-more\" href=\"https:\/\/dalmadaesa.cl\/?p=433\">Leer m\u00e1s<\/a><\/p>\n","protected":false},"author":2,"featured_media":0,"comment_status":"open","ping_status":"open","sticky":false,"template":"","format":"standard","meta":{"footnotes":""},"categories":[14],"tags":[],"class_list":["post-433","post","type-post","status-publish","format-standard","hentry","category-entrevistas"],"_links":{"self":[{"href":"https:\/\/dalmadaesa.cl\/index.php?rest_route=\/wp\/v2\/posts\/433","targetHints":{"allow":["GET"]}}],"collection":[{"href":"https:\/\/dalmadaesa.cl\/index.php?rest_route=\/wp\/v2\/posts"}],"about":[{"href":"https:\/\/dalmadaesa.cl\/index.php?rest_route=\/wp\/v2\/types\/post"}],"author":[{"embeddable":true,"href":"https:\/\/dalmadaesa.cl\/index.php?rest_route=\/wp\/v2\/users\/2"}],"replies":[{"embeddable":true,"href":"https:\/\/dalmadaesa.cl\/index.php?rest_route=%2Fwp%2Fv2%2Fcomments&post=433"}],"version-history":[{"count":1,"href":"https:\/\/dalmadaesa.cl\/index.php?rest_route=\/wp\/v2\/posts\/433\/revisions"}],"predecessor-version":[{"id":435,"href":"https:\/\/dalmadaesa.cl\/index.php?rest_route=\/wp\/v2\/posts\/433\/revisions\/435"}],"wp:attachment":[{"href":"https:\/\/dalmadaesa.cl\/index.php?rest_route=%2Fwp%2Fv2%2Fmedia&parent=433"}],"wp:term":[{"taxonomy":"category","embeddable":true,"href":"https:\/\/dalmadaesa.cl\/index.php?rest_route=%2Fwp%2Fv2%2Fcategories&post=433"},{"taxonomy":"post_tag","embeddable":true,"href":"https:\/\/dalmadaesa.cl\/index.php?rest_route=%2Fwp%2Fv2%2Ftags&post=433"}],"curies":[{"name":"wp","href":"https:\/\/api.w.org\/{rel}","templated":true}]}}