{"id":76,"date":"2011-03-14T22:51:05","date_gmt":"2011-03-14T22:51:05","guid":{"rendered":"http:\/\/dalmadaesa.cl\/?p=76"},"modified":"2011-03-31T00:00:18","modified_gmt":"2011-03-31T00:00:18","slug":"sulsa-2","status":"publish","type":"post","link":"https:\/\/dalmadaesa.cl\/?p=76","title":{"rendered":"Sulsa"},"content":{"rendered":"<div id=\"attachment_17\" style=\"width: 160px\" class=\"wp-caption alignleft\"><a href=\"http:\/\/dalmadaesa.cl\/wp-content\/uploads\/2011\/01\/sulsainsignia.jpg\"><img loading=\"lazy\" decoding=\"async\" aria-describedby=\"caption-attachment-17\" class=\"size-thumbnail wp-image-17\" title=\"sulsainsignia\" src=\"http:\/\/dalmadaesa.cl\/wp-content\/uploads\/2011\/01\/sulsainsignia-150x150.jpg\" alt=\"\" width=\"150\" height=\"150\" srcset=\"https:\/\/dalmadaesa.cl\/wp-content\/uploads\/2011\/01\/sulsainsignia-150x150.jpg 150w, https:\/\/dalmadaesa.cl\/wp-content\/uploads\/2011\/01\/sulsainsignia-300x300.jpg 300w, https:\/\/dalmadaesa.cl\/wp-content\/uploads\/2011\/01\/sulsainsignia.jpg 600w\" sizes=\"auto, (max-width: 150px) 100vw, 150px\" \/><\/a><p id=\"caption-attachment-17\" class=\"wp-caption-text\">Equipo escolar SULSA<\/p><\/div>\n<p>La Academia SULSA inicia sus actividades el a\u00cd\u00b1o 2005 en el Colegio Almenar del Maipo que est\u00e1 ubicado en Camino al Volc\u00e1n, Las Vizcachas \u00e2\u20ac\u201c Puente Alto.\u00c2\u00a0\u00c2\u00a0 \u00c2\u00a0Actualmente, la academia esta compuesta por alumnos escolares desde los 6 hasta los 17 a\u00cd\u00b1os y cuenta con alumnos desde cintur\u00f3n blanco hasta cintur\u00f3n negro.\u00c2\u00a0 La academia participa\u00c2\u00a0 de las actividades\u00c2\u00a0realizadas por la\u00c2\u00a0\u00c2\u00a0Asociaci\u00f3n Dalma Daesa y ha estado presente en campeonatos nacionales (Interescolares, Liga nacional, entre otros) como internacionales (Brazil Open).<\/p>\n<p>Instructor: Bryan Blanco<\/p>\n<p><a href=\"mailto:bryan.blanco@dalmadaesa.cl\">bryan.blanco@dalmadaesa.cl<\/a><\/p>\n","protected":false},"excerpt":{"rendered":"<p>La Academia SULSA inicia sus actividades el a\u00cd\u00b1o 2005 en el Colegio Almenar del Maipo que est\u00e1 ubicado en Camino al Volc\u00e1n, Las Vizcachas \u00e2\u20ac\u201c Puente Alto.\u00c2\u00a0\u00c2\u00a0 \u00c2\u00a0Actualmente, la academia esta compuesta por alumnos escolares desde los 6 hasta los 17 a\u00cd\u00b1os y cuenta con alumnos desde cintur\u00f3n blanco hasta cintur\u00f3n negro.\u00c2\u00a0 La academia participa\u00c2\u00a0&hellip; <br \/> <a class=\"read-more\" href=\"https:\/\/dalmadaesa.cl\/?p=76\">Leer m\u00e1s<\/a><\/p>\n","protected":false},"author":2,"featured_media":0,"comment_status":"open","ping_status":"open","sticky":false,"template":"","format":"standard","meta":{"footnotes":""},"categories":[8],"tags":[],"class_list":["post-76","post","type-post","status-publish","format-standard","hentry","category-escuelas"],"_links":{"self":[{"href":"https:\/\/dalmadaesa.cl\/index.php?rest_route=\/wp\/v2\/posts\/76","targetHints":{"allow":["GET"]}}],"collection":[{"href":"https:\/\/dalmadaesa.cl\/index.php?rest_route=\/wp\/v2\/posts"}],"about":[{"href":"https:\/\/dalmadaesa.cl\/index.php?rest_route=\/wp\/v2\/types\/post"}],"author":[{"embeddable":true,"href":"https:\/\/dalmadaesa.cl\/index.php?rest_route=\/wp\/v2\/users\/2"}],"replies":[{"embeddable":true,"href":"https:\/\/dalmadaesa.cl\/index.php?rest_route=%2Fwp%2Fv2%2Fcomments&post=76"}],"version-history":[{"count":1,"href":"https:\/\/dalmadaesa.cl\/index.php?rest_route=\/wp\/v2\/posts\/76\/revisions"}],"predecessor-version":[{"id":77,"href":"https:\/\/dalmadaesa.cl\/index.php?rest_route=\/wp\/v2\/posts\/76\/revisions\/77"}],"wp:attachment":[{"href":"https:\/\/dalmadaesa.cl\/index.php?rest_route=%2Fwp%2Fv2%2Fmedia&parent=76"}],"wp:term":[{"taxonomy":"category","embeddable":true,"href":"https:\/\/dalmadaesa.cl\/index.php?rest_route=%2Fwp%2Fv2%2Fcategories&post=76"},{"taxonomy":"post_tag","embeddable":true,"href":"https:\/\/dalmadaesa.cl\/index.php?rest_route=%2Fwp%2Fv2%2Ftags&post=76"}],"curies":[{"name":"wp","href":"https:\/\/api.w.org\/{rel}","templated":true}]}}