{"id":794,"date":"2013-06-09T16:50:18","date_gmt":"2013-06-09T16:50:18","guid":{"rendered":"http:\/\/dalmadaesa.cl\/?p=794"},"modified":"2018-03-08T01:47:43","modified_gmt":"2018-03-08T01:47:43","slug":"la-dalma-daesa-estara-en-mundial-de-taekwondo","status":"publish","type":"post","link":"https:\/\/dalmadaesa.cl\/?p=794","title":{"rendered":"\u00abLa Dalma Daesa\u00bb estar\u00e1 en Mundial de Taekwondo"},"content":{"rendered":"<p style=\"text-align: center;\"><a style=\"font-size: 13px; line-height: 19px;\" href=\"http:\/\/dalmadaesa.cl\/wp-content\/uploads\/2013\/06\/20130609-125221.jpg\"><img loading=\"lazy\" decoding=\"async\" class=\"aligncenter\" alt=\"20130609-125221.jpg\" src=\"http:\/\/dalmadaesa.cl\/wp-content\/uploads\/2013\/06\/20130609-125221.jpg\" width=\"310\" height=\"265\" \/><\/a><\/p>\n<p>El pasado S\u00e1bado 1 de Junio, en las dependencias del Centro de Entrenamie<span style=\"font-size: small;\"><span style=\"line-height: 19px;\">nto\u00c2\u00a0<\/span><\/span>Ol\u00cd\u00admpico<span style=\"font-size: small;\"><span style=\"line-height: 19px;\">\u00c2\u00a0(CEO), ubicado en la comuna de \u00cd\u2018u\u00cd\u00b1oa, se dio cita al control selectivo con miras al Campeonato Mundial de Taekwondo, Puebla 2013 (M\u00e9xico). Fueron aproximadamente 40 combates durante la jornada, para definir a los representantes nacionales en las divisiones de peso femeninas: -46, -49 y -62; y masculino: -54, -63, -74, -80 y -87.<\/span><\/span><\/p>\n<p>Fueron en las divisiones de peso -63 y -80 masculino donde el nombre de \u00abLa Dalma Daesa\u00bb estaba inscrito y apostando por un cupo mundialista, a trav\u00e9s de Bryan Blanco (-63), instructor de la Academia Sulsa del Colegio Almenar del Maipo, y Cristhian Barcel\u00f3 (-80), instructor de la Academia Cent<span style=\"font-size: small;\"><span style=\"line-height: 19px;\">urion. Fue as\u00cd\u00ad como combate a combate,\u00c2\u00a0<\/span><\/span>enfrent\u00e1ndose<span style=\"font-size: small;\"><span style=\"line-height: 19px;\">\u00c2\u00a0a rivales de diferentes lugares del pa\u00cd\u00ads, fueron hacie<\/span><\/span><span style=\"font-size: 13px; line-height: 19px;\">ndose \u00c2\u00a0 paso hasta llegar a la final de cada una de sus categor\u00cd\u00adas.<\/span><\/p>\n<p>Fue, sin duda alguna, Bryan quien tuvo uno de los combates mas complejos a resolver, ya que en semifinales frente al representante de \u00abUlji\u00bb, se fue con un marcador en contra de 7-0 al finalizar el segundo round, logrando resolver notablemente en solo un asalto este puntaje desfavorable y empatar el marcador (7-7) para irse a un \u00faltimo round de \u00abpunto de oro\u00bb, donde Bryan impuso su jerarqu\u00cd\u00ada y lograr el paso a la final de la competencia, donde, a pesar de enfrentar a un rival de mayor envergadura, no tuvo complicaciones al ganar la final y as\u00cd\u00ad quedarse con el cupo mundialista en la divisi\u00f3n masculina de -63 kilos.<\/p>\n<p>Por otra parte Barcel\u00f3 demostr\u00f3 su gran despliegue f\u00cd\u00adsico y arsenal t\u00e9cnico frente a sus rivales y se impuso para ratificar su condici\u00f3n de campe\u00f3n nacional y seleccionado en la divisi\u00f3n de -80 kilos, y lograr el cupo para Puebla 2013.<\/p>\n<p>Sin duda algua fue una jornada excepcional para \u00abLa Dalma Daesa\u00bb quien logr\u00f3 clasificar a estos dos referentes de la\u00c2\u00a0<span style=\"font-size: 13px; line-height: 19px;\">asociaci\u00f3n. Felicitaciones a ambos.<\/span><\/p>\n<p><img loading=\"lazy\" decoding=\"async\" class=\"aligncenter\" style=\"font-size: 13px; line-height: 19px;\" alt=\"20130609-124528.jpg\" src=\"http:\/\/dalmadaesa.cl\/wp-content\/uploads\/2013\/06\/20130609-124528.jpg\" width=\"274\" height=\"365\" \/><\/p>\n","protected":false},"excerpt":{"rendered":"<p>El pasado S\u00e1bado 1 de Junio, en las dependencias del Centro de Entrenamiento\u00c2\u00a0Ol\u00cd\u00admpico\u00c2\u00a0(CEO), ubicado en la comuna de \u00cd\u2018u\u00cd\u00b1oa, se dio cita al control selectivo con miras al Campeonato Mundial de Taekwondo, Puebla 2013 (M\u00e9xico). Fueron aproximadamente 40 combates durante la jornada, para definir a los representantes nacionales en las divisiones de peso femeninas: -46,&hellip; <br \/> <a class=\"read-more\" href=\"https:\/\/dalmadaesa.cl\/?p=794\">Leer m\u00e1s<\/a><\/p>\n","protected":false},"author":5,"featured_media":0,"comment_status":"closed","ping_status":"open","sticky":false,"template":"","format":"imagen","meta":{"footnotes":""},"categories":[1,7],"tags":[36,37,35,12],"class_list":["post-794","post","type-post","status-publish","format-imagen","hentry","category-general","category-noticias","tag-mundial","tag-puebla","tag-seleccion","tag-taekwondo","post_format-imagen"],"_links":{"self":[{"href":"https:\/\/dalmadaesa.cl\/index.php?rest_route=\/wp\/v2\/posts\/794","targetHints":{"allow":["GET"]}}],"collection":[{"href":"https:\/\/dalmadaesa.cl\/index.php?rest_route=\/wp\/v2\/posts"}],"about":[{"href":"https:\/\/dalmadaesa.cl\/index.php?rest_route=\/wp\/v2\/types\/post"}],"author":[{"embeddable":true,"href":"https:\/\/dalmadaesa.cl\/index.php?rest_route=\/wp\/v2\/users\/5"}],"replies":[{"embeddable":true,"href":"https:\/\/dalmadaesa.cl\/index.php?rest_route=%2Fwp%2Fv2%2Fcomments&post=794"}],"version-history":[{"count":1,"href":"https:\/\/dalmadaesa.cl\/index.php?rest_route=\/wp\/v2\/posts\/794\/revisions"}],"predecessor-version":[{"id":797,"href":"https:\/\/dalmadaesa.cl\/index.php?rest_route=\/wp\/v2\/posts\/794\/revisions\/797"}],"wp:attachment":[{"href":"https:\/\/dalmadaesa.cl\/index.php?rest_route=%2Fwp%2Fv2%2Fmedia&parent=794"}],"wp:term":[{"taxonomy":"category","embeddable":true,"href":"https:\/\/dalmadaesa.cl\/index.php?rest_route=%2Fwp%2Fv2%2Fcategories&post=794"},{"taxonomy":"post_tag","embeddable":true,"href":"https:\/\/dalmadaesa.cl\/index.php?rest_route=%2Fwp%2Fv2%2Ftags&post=794"}],"curies":[{"name":"wp","href":"https:\/\/api.w.org\/{rel}","templated":true}]}}