{"id":801,"date":"2013-07-01T21:50:43","date_gmt":"2013-07-01T21:50:43","guid":{"rendered":"http:\/\/dalmadaesa.cl\/?p=801"},"modified":"2018-03-08T01:47:43","modified_gmt":"2018-03-08T01:47:43","slug":"bryan-blanco-desde-tierras-aztecas","status":"publish","type":"post","link":"https:\/\/dalmadaesa.cl\/?p=801","title":{"rendered":"Bryan Blanco desde tierras Aztecas"},"content":{"rendered":"<p>El pasado S\u00e1bado 1 de Junio, nuestros representantes, Bryan Blanco y Cristhian Barcel\u00f3 lograron clasificarse en el selectivo para el campeonato mundial de M\u00e9xico. Bryan Ha se encuentra en el pa\u00cd\u00ads azteca prepar\u00e1ndose junto al conjunto nacional y nos escribe d\u00e1ndonos sus impresiones de como han sido estos d\u00cd\u00adas.<\/p>\n<blockquote><p><em>\u00abEscribo desde San Luis de Potosi, Mexico, ahora que estamos terminando nuestra primera semana en el concentrado internacional de entrenamiento en La Loma con miras al campeonato mundial de Taekwondo y tenemos tiempo para descansar, analizar la semana y recuperarnos un poco.<\/p>\n<p>Esta ha sido una semana muy fuerte y se sinti\u00f3 como si fuera eterna, ya que estamos entrenando en triple jornada partiendo con el primer entrenamiento a las 7 de la ma\u00cd\u00b1ana y terminando con rounds de combates todos los d\u00cd\u00adas contra deportistas de muchas selecciones del mundo (escuche por ah\u00cd\u00ad que para cuando acabe el concentrado habr\u00e1n pasado 50 selecciones por este lugar). Es en estas instancias donde el equipo chileno ha comenzado a afiatarse mucho, donde el apoyo de los compa\u00cd\u00b1eros y el Entrenador Luis Fredes ha sido la clave para poder sobrellevar cada uno de los muchos entrenamientos de la semana y donde el roce de combate es contra medallistas continentales y mundiales. <\/p>\n<p>El cansancio y los dolores son fuertes pero la uni\u00f3n del equipo es mayor y eso te motiva a seguir, levantarte temprano y entrenar \u00abCON TODOOOO!! \u00bb<\/p>\n<p>Esta semana termin\u00f3 con realidad de juego, combates completos con \u00e1rbitros y protectores electr\u00f3nicos Dae Do. Lamentablemente yo no pude participar debido a una enfermedad que me tiro un d\u00cd\u00ada a la cama con fiebre y que me ha costado 5 inyecciones de antibi\u00f3ticos que por suerte ya solo quedan 2 (duelen m\u00e1s que una patada en la cara jajaja), espero estar con todas las energ\u00cd\u00adas el Lunes para comenzar esta segunda semana porque me voy a esforzar el doble para hacerlo cada d\u00cd\u00ada mejor, por mi familia, por mis compa\u00cd\u00b1eros y entrenador que est\u00e1n en Chile, mi camarada Cristhian Barcel\u00f3 y por nuestra querida asociaci\u00f3n Dalma Daesa.<\/p>\n<p>Saludos<\/p>\n<p>Bryan Blanco<br \/>\nSeleccionado Nacional -63 kg\u00bb<\/em><\/p><\/blockquote>\n<p><a href=\"http:\/\/dalmadaesa.cl\/wp-content\/uploads\/2013\/07\/20130701-174703.jpg\"><img decoding=\"async\" src=\"http:\/\/dalmadaesa.cl\/wp-content\/uploads\/2013\/07\/20130701-174703.jpg\" alt=\"20130701-174703.jpg\" class=\"alignnone size-full\" \/><\/a><\/p>\n","protected":false},"excerpt":{"rendered":"<p>El pasado S\u00e1bado 1 de Junio, nuestros representantes, Bryan Blanco y Cristhian Barcel\u00f3 lograron clasificarse en el selectivo para el campeonato mundial de M\u00e9xico. Bryan Ha se encuentra en el pa\u00cd\u00ads azteca prepar\u00e1ndose junto al conjunto nacional y nos escribe d\u00e1ndonos sus impresiones de como han sido estos d\u00cd\u00adas. \u00abEscribo desde San Luis de Potosi,&hellip; <br \/> <a class=\"read-more\" href=\"https:\/\/dalmadaesa.cl\/?p=801\">Leer m\u00e1s<\/a><\/p>\n","protected":false},"author":5,"featured_media":0,"comment_status":"closed","ping_status":"open","sticky":false,"template":"","format":"standard","meta":{"footnotes":""},"categories":[14,1,7],"tags":[39,38,36,35],"class_list":["post-801","post","type-post","status-publish","format-standard","hentry","category-entrevistas","category-general","category-noticias","tag-chile","tag-mexico","tag-mundial","tag-seleccion"],"_links":{"self":[{"href":"https:\/\/dalmadaesa.cl\/index.php?rest_route=\/wp\/v2\/posts\/801","targetHints":{"allow":["GET"]}}],"collection":[{"href":"https:\/\/dalmadaesa.cl\/index.php?rest_route=\/wp\/v2\/posts"}],"about":[{"href":"https:\/\/dalmadaesa.cl\/index.php?rest_route=\/wp\/v2\/types\/post"}],"author":[{"embeddable":true,"href":"https:\/\/dalmadaesa.cl\/index.php?rest_route=\/wp\/v2\/users\/5"}],"replies":[{"embeddable":true,"href":"https:\/\/dalmadaesa.cl\/index.php?rest_route=%2Fwp%2Fv2%2Fcomments&post=801"}],"version-history":[{"count":0,"href":"https:\/\/dalmadaesa.cl\/index.php?rest_route=\/wp\/v2\/posts\/801\/revisions"}],"wp:attachment":[{"href":"https:\/\/dalmadaesa.cl\/index.php?rest_route=%2Fwp%2Fv2%2Fmedia&parent=801"}],"wp:term":[{"taxonomy":"category","embeddable":true,"href":"https:\/\/dalmadaesa.cl\/index.php?rest_route=%2Fwp%2Fv2%2Fcategories&post=801"},{"taxonomy":"post_tag","embeddable":true,"href":"https:\/\/dalmadaesa.cl\/index.php?rest_route=%2Fwp%2Fv2%2Ftags&post=801"}],"curies":[{"name":"wp","href":"https:\/\/api.w.org\/{rel}","templated":true}]}}