{"id":819,"date":"2013-11-18T16:06:25","date_gmt":"2013-11-18T16:06:25","guid":{"rendered":"http:\/\/dalmadaesa.cl\/?p=819"},"modified":"2018-03-08T01:47:43","modified_gmt":"2018-03-08T01:47:43","slug":"dalmadaesa-en-seminario-de-ireno-fargas","status":"publish","type":"post","link":"https:\/\/dalmadaesa.cl\/?p=819","title":{"rendered":"Dalmadaesa en Seminario de Ireno Fargas."},"content":{"rendered":"<div id=\"attachment_821\" style=\"width: 310px\" class=\"wp-caption aligncenter\"><a href=\"http:\/\/dalmadaesa.cl\/wp-content\/uploads\/2013\/11\/SDC18618.jpg\"><img loading=\"lazy\" decoding=\"async\" aria-describedby=\"caption-attachment-821\" class=\"size-medium wp-image-821\" alt=\"Seminario con Ireno Fargas 2013\" src=\"http:\/\/dalmadaesa.cl\/wp-content\/uploads\/2013\/11\/SDC18618-300x220.jpg\" width=\"300\" height=\"220\" srcset=\"https:\/\/dalmadaesa.cl\/wp-content\/uploads\/2013\/11\/SDC18618-300x220.jpg 300w, https:\/\/dalmadaesa.cl\/wp-content\/uploads\/2013\/11\/SDC18618-1024x753.jpg 1024w\" sizes=\"auto, (max-width: 300px) 100vw, 300px\" \/><\/a><p id=\"caption-attachment-821\" class=\"wp-caption-text\">Seminario con Ireno Fargas 2013<\/p><\/div>\n<p>El pasado s\u00e1bado 09 de Noviembre del 2013, en el gimnasio de la Universidad Andres Bello ubicada cerca del metro Rep\u00fablica, se realizo el seminario, organizado por la marca de implementaci\u00f3n de taekwondo, Protec, quienes trajeron a Ireno Fargas, quien \u00c2\u00a0se destaca como el \u00fanico en haber dirigido a 3 selecciones nacionales de taekwondo (Espa\u00cd\u00b1a, Francia y M\u00e9xico) y haber obtenido campeones mundiales.<\/p>\n<p>En la actualidad Ireno es director t\u00e9cnico del Centro de Alto Rendimiento La Loma (M\u00e9xico), donde las selecciones del mundo realizan sus pre temporadas \u00c2\u00a0a los mundiales mas importantes de la especialidad.<\/p>\n<p>El seminario comenz\u00f3 pasadas las 9:00 am, ten\u00cd\u00ada como principal objetivo presentar el nuevo programa mundial de entrenamiento y revisar algunos de los ejercicios que vienen incorporados dentro de este programa.<\/p>\n<p>Estuvo dividido en dos bloques: 9:00 a 13:00 y 15:00 a 19:00, donde los dirigidos de Cristhian Barcelo, realizaron diversos\u00c2\u00a0ejercicios para desarrollar la fuerza, la coordinaci\u00f3n, velocidad, reacci\u00f3n y agilidad para el taekwondo. Fueron arduas horas de intenso trabajo que finalizaron con una ronda de preguntas, donde el expositor estuvo compartiendo acerca de su experiencia como entrenador.<\/p>\n<p>El equipo de trabajo que se capacito se detallan a continuaci\u00f3n: Ignacio Grabowski (Ulfhednar), Francisca Mu\u00cd\u00b1oz (Centuri\u00f3n), Brenda Toro (Banco de Chile), Pablo Sep\u00falveda\u00c2\u00a0(U ARCIS), \u00cd\u0081ngel Olave\u00c2\u00a0(U ARCIS) y Valeska L\u00f3pez\u00c2\u00a0(U ARCIS).<\/p>\n<p>Una gran experiencia con un experto en el entrenamiento para la competencia en el taekwondo.<\/p>\n<p>Felicitaciones.<\/p>\n<p><a href=\"http:\/\/dalmadaesa.cl\/wp-content\/uploads\/2013\/11\/SDC18612.jpg\"><img loading=\"lazy\" decoding=\"async\" class=\"size-medium wp-image-820  aligncenter\" title=\"Seminario Irengo Fargas 2013\" alt=\"Seminario Irengo Fargas 2013\" src=\"http:\/\/dalmadaesa.cl\/wp-content\/uploads\/2013\/11\/SDC18612-300x220.jpg\" width=\"300\" height=\"220\" srcset=\"https:\/\/dalmadaesa.cl\/wp-content\/uploads\/2013\/11\/SDC18612-300x220.jpg 300w, https:\/\/dalmadaesa.cl\/wp-content\/uploads\/2013\/11\/SDC18612-1024x753.jpg 1024w\" sizes=\"auto, (max-width: 300px) 100vw, 300px\" \/><\/a><\/p>\n<p>&nbsp;<\/p>\n","protected":false},"excerpt":{"rendered":"<p>El pasado s\u00e1bado 09 de Noviembre del 2013, en el gimnasio de la Universidad Andres Bello ubicada cerca del metro Rep\u00fablica, se realizo el seminario, organizado por la marca de implementaci\u00f3n de taekwondo, Protec, quienes trajeron a Ireno Fargas, quien \u00c2\u00a0se destaca como el \u00fanico en haber dirigido a 3 selecciones nacionales de taekwondo (Espa\u00cd\u00b1a,&hellip; <br \/> <a class=\"read-more\" href=\"https:\/\/dalmadaesa.cl\/?p=819\">Leer m\u00e1s<\/a><\/p>\n","protected":false},"author":2,"featured_media":0,"comment_status":"closed","ping_status":"open","sticky":false,"template":"","format":"standard","meta":{"footnotes":""},"categories":[1,7],"tags":[],"class_list":["post-819","post","type-post","status-publish","format-standard","hentry","category-general","category-noticias"],"_links":{"self":[{"href":"https:\/\/dalmadaesa.cl\/index.php?rest_route=\/wp\/v2\/posts\/819","targetHints":{"allow":["GET"]}}],"collection":[{"href":"https:\/\/dalmadaesa.cl\/index.php?rest_route=\/wp\/v2\/posts"}],"about":[{"href":"https:\/\/dalmadaesa.cl\/index.php?rest_route=\/wp\/v2\/types\/post"}],"author":[{"embeddable":true,"href":"https:\/\/dalmadaesa.cl\/index.php?rest_route=\/wp\/v2\/users\/2"}],"replies":[{"embeddable":true,"href":"https:\/\/dalmadaesa.cl\/index.php?rest_route=%2Fwp%2Fv2%2Fcomments&post=819"}],"version-history":[{"count":1,"href":"https:\/\/dalmadaesa.cl\/index.php?rest_route=\/wp\/v2\/posts\/819\/revisions"}],"predecessor-version":[{"id":823,"href":"https:\/\/dalmadaesa.cl\/index.php?rest_route=\/wp\/v2\/posts\/819\/revisions\/823"}],"wp:attachment":[{"href":"https:\/\/dalmadaesa.cl\/index.php?rest_route=%2Fwp%2Fv2%2Fmedia&parent=819"}],"wp:term":[{"taxonomy":"category","embeddable":true,"href":"https:\/\/dalmadaesa.cl\/index.php?rest_route=%2Fwp%2Fv2%2Fcategories&post=819"},{"taxonomy":"post_tag","embeddable":true,"href":"https:\/\/dalmadaesa.cl\/index.php?rest_route=%2Fwp%2Fv2%2Ftags&post=819"}],"curies":[{"name":"wp","href":"https:\/\/api.w.org\/{rel}","templated":true}]}}