{"id":822,"date":"2013-11-25T15:04:40","date_gmt":"2013-11-25T15:04:40","guid":{"rendered":"http:\/\/dalmadaesa.cl\/?p=822"},"modified":"2018-03-08T01:47:43","modified_gmt":"2018-03-08T01:47:43","slug":"aramis-visita-a-dalmadaesa","status":"publish","type":"post","link":"https:\/\/dalmadaesa.cl\/?p=822","title":{"rendered":"Aramis visita Dalmadaesa."},"content":{"rendered":"<div id=\"attachment_840\" style=\"width: 310px\" class=\"wp-caption aligncenter\"><a href=\"http:\/\/dalmadaesa.cl\/wp-content\/uploads\/2013\/11\/1462953_10153509221670481_1001889098_n.jpg\"><img loading=\"lazy\" decoding=\"async\" aria-describedby=\"caption-attachment-840\" class=\"size-medium wp-image-840\" alt=\"Aramis Visita dalmadaesa. Noviembre 2013.\" src=\"http:\/\/dalmadaesa.cl\/wp-content\/uploads\/2013\/11\/1462953_10153509221670481_1001889098_n-300x220.jpg\" width=\"300\" height=\"220\" srcset=\"https:\/\/dalmadaesa.cl\/wp-content\/uploads\/2013\/11\/1462953_10153509221670481_1001889098_n-300x220.jpg 300w, https:\/\/dalmadaesa.cl\/wp-content\/uploads\/2013\/11\/1462953_10153509221670481_1001889098_n.jpg 960w\" sizes=\"auto, (max-width: 300px) 100vw, 300px\" \/><\/a><p id=\"caption-attachment-840\" class=\"wp-caption-text\">Aramis Visita dalmadaesa. Noviembre 2013.<\/p><\/div>\n<p>El pasado Viernes 15 de Noviembre del presente 2013, arribaron a Dalmadaesa las instructoras y maestras del hermano pa\u00cd\u00ads a acompa\u00cd\u00b1arnos durante nuestras diversas actividades realizadas durante este fin de semana.<\/p>\n<div id=\"attachment_829\" style=\"width: 310px\" class=\"wp-caption aligncenter\"><a href=\"http:\/\/dalmadaesa.cl\/wp-content\/uploads\/2013\/11\/SDC18663.jpg\"><img loading=\"lazy\" decoding=\"async\" aria-describedby=\"caption-attachment-829\" class=\"size-medium wp-image-829\" alt=\"Seminario de Taekwondo Dance. Noviembre 2013.\" src=\"http:\/\/dalmadaesa.cl\/wp-content\/uploads\/2013\/11\/SDC18663-300x220.jpg\" width=\"300\" height=\"220\" srcset=\"https:\/\/dalmadaesa.cl\/wp-content\/uploads\/2013\/11\/SDC18663-300x220.jpg 300w, https:\/\/dalmadaesa.cl\/wp-content\/uploads\/2013\/11\/SDC18663-1024x753.jpg 1024w\" sizes=\"auto, (max-width: 300px) 100vw, 300px\" \/><\/a><p id=\"caption-attachment-829\" class=\"wp-caption-text\">Seminario de Taekwondo Dance. Noviembre 2013.<\/p><\/div>\n<p>El d\u00cd\u00ada viernes Jonathan Far\u00cd\u00adas integrante de la selecci\u00f3n nacional de exhibici\u00f3n de la federaci\u00f3n nacional e integrante activo del club Circulo de Quiron lidero el seminario de taekwondo Dance, en donde las alumnas de Aramis, escuela liderada por la Maestra Mariana Delucca participo activamente.<\/p>\n<div id=\"attachment_827\" style=\"width: 310px\" class=\"wp-caption aligncenter\"><a href=\"http:\/\/dalmadaesa.cl\/wp-content\/uploads\/2013\/11\/SDC18668.jpg\"><img loading=\"lazy\" decoding=\"async\" aria-describedby=\"caption-attachment-827\" class=\"size-medium wp-image-827\" alt=\"\" src=\"http:\/\/dalmadaesa.cl\/wp-content\/uploads\/2013\/11\/SDC18668-300x220.jpg\" width=\"300\" height=\"220\" srcset=\"https:\/\/dalmadaesa.cl\/wp-content\/uploads\/2013\/11\/SDC18668-300x220.jpg 300w, https:\/\/dalmadaesa.cl\/wp-content\/uploads\/2013\/11\/SDC18668-1024x753.jpg 1024w\" sizes=\"auto, (max-width: 300px) 100vw, 300px\" \/><\/a><p id=\"caption-attachment-827\" class=\"wp-caption-text\">Maestra Mariana Delucca y Jorgelina Monti. Filosof\u00cd\u00ada para ni\u00cd\u00b1os.<\/p><\/div>\n<p style=\"text-align: left;\">Luego de una activa sesi\u00f3n la Maestra Mariana Delucca junto a Jorgelina Monti desarrollaron una sesi\u00f3n de \u00abFilosof\u00cd\u00ada para ni\u00cd\u00b1os\u00bb en donde los alumnos de las diversas escuelas que conforman Dalmadaesa reflexionaron respecto a los valores fundamentales y el taekwondo en sus vidas.<\/p>\n<p style=\"text-align: left;\">El d\u00cd\u00ada s\u00e1bado en la ma\u00cd\u00b1ana nos acompa\u00cd\u00b1aron y participaron en el campeonato en conmemoraci\u00f3n a nuestra querida instructora Cecilia P\u00e9rez. \u00c2\u00a0Demostrando valor y entusiasmo obteniendo, Catalina P\u00e9rez (Alumna de la escuela Aramis), el premio al esp\u00cd\u00adritu marcial \u00abDama Europa\u00bb.<\/p>\n<div id=\"attachment_824\" style=\"width: 310px\" class=\"wp-caption aligncenter\"><a href=\"http:\/\/dalmadaesa.cl\/wp-content\/uploads\/2013\/11\/SDC18678.jpg\"><img loading=\"lazy\" decoding=\"async\" aria-describedby=\"caption-attachment-824\" class=\"size-medium wp-image-824\" alt=\"Copa Dama Europa 2013.\" src=\"http:\/\/dalmadaesa.cl\/wp-content\/uploads\/2013\/11\/SDC18678-300x225.jpg\" width=\"300\" height=\"225\" srcset=\"https:\/\/dalmadaesa.cl\/wp-content\/uploads\/2013\/11\/SDC18678-300x225.jpg 300w, https:\/\/dalmadaesa.cl\/wp-content\/uploads\/2013\/11\/SDC18678-1024x768.jpg 1024w\" sizes=\"auto, (max-width: 300px) 100vw, 300px\" \/><\/a><p id=\"caption-attachment-824\" class=\"wp-caption-text\">Copa Dama Europa 2013.<\/p><\/div>\n<p>El d\u00cd\u00ada domingo sirvi\u00f3 para relajarse en la costa junto y disfrutar un fresco d\u00cd\u00ada en la playa.<\/p>\n<p>Para el d\u00cd\u00ada Lunes 18 de Noviembre la Maestra Mariana \u00c2\u00a0Delucca nos apoyo con criterios t\u00e9cnicos actualizados de las formas (Tul) de taekwondo tradicional.<\/p>\n<p>Un ajetreado fin de semana junto a nuestras hermanas argentinas que esperemos volvamos a repetir.<\/p>\n","protected":false},"excerpt":{"rendered":"<p>El pasado Viernes 15 de Noviembre del presente 2013, arribaron a Dalmadaesa las instructoras y maestras del hermano pa\u00cd\u00ads a acompa\u00cd\u00b1arnos durante nuestras diversas actividades realizadas durante este fin de semana. El d\u00cd\u00ada viernes Jonathan Far\u00cd\u00adas integrante de la selecci\u00f3n nacional de exhibici\u00f3n de la federaci\u00f3n nacional e integrante activo del club Circulo de Quiron&hellip; <br \/> <a class=\"read-more\" href=\"https:\/\/dalmadaesa.cl\/?p=822\">Leer m\u00e1s<\/a><\/p>\n","protected":false},"author":2,"featured_media":0,"comment_status":"closed","ping_status":"open","sticky":false,"template":"","format":"standard","meta":{"footnotes":""},"categories":[4,1,7,3],"tags":[],"class_list":["post-822","post","type-post","status-publish","format-standard","hentry","category-actividades","category-general","category-noticias","category-torneos"],"_links":{"self":[{"href":"https:\/\/dalmadaesa.cl\/index.php?rest_route=\/wp\/v2\/posts\/822","targetHints":{"allow":["GET"]}}],"collection":[{"href":"https:\/\/dalmadaesa.cl\/index.php?rest_route=\/wp\/v2\/posts"}],"about":[{"href":"https:\/\/dalmadaesa.cl\/index.php?rest_route=\/wp\/v2\/types\/post"}],"author":[{"embeddable":true,"href":"https:\/\/dalmadaesa.cl\/index.php?rest_route=\/wp\/v2\/users\/2"}],"replies":[{"embeddable":true,"href":"https:\/\/dalmadaesa.cl\/index.php?rest_route=%2Fwp%2Fv2%2Fcomments&post=822"}],"version-history":[{"count":1,"href":"https:\/\/dalmadaesa.cl\/index.php?rest_route=\/wp\/v2\/posts\/822\/revisions"}],"predecessor-version":[{"id":839,"href":"https:\/\/dalmadaesa.cl\/index.php?rest_route=\/wp\/v2\/posts\/822\/revisions\/839"}],"wp:attachment":[{"href":"https:\/\/dalmadaesa.cl\/index.php?rest_route=%2Fwp%2Fv2%2Fmedia&parent=822"}],"wp:term":[{"taxonomy":"category","embeddable":true,"href":"https:\/\/dalmadaesa.cl\/index.php?rest_route=%2Fwp%2Fv2%2Fcategories&post=822"},{"taxonomy":"post_tag","embeddable":true,"href":"https:\/\/dalmadaesa.cl\/index.php?rest_route=%2Fwp%2Fv2%2Ftags&post=822"}],"curies":[{"name":"wp","href":"https:\/\/api.w.org\/{rel}","templated":true}]}}