{"id":834,"date":"2013-11-25T14:39:31","date_gmt":"2013-11-25T14:39:31","guid":{"rendered":"http:\/\/dalmadaesa.cl\/?p=834"},"modified":"2018-03-08T01:47:43","modified_gmt":"2018-03-08T01:47:43","slug":"maestro-francisco-taboada","status":"publish","type":"post","link":"https:\/\/dalmadaesa.cl\/?p=834","title":{"rendered":"Maestro Francisco Taboada"},"content":{"rendered":"<p>Maestro Francisco Taboada:<\/p>\n<p><i>\u00e2\u20ac\u0153\u00e2\u20ac\u00a6los ni\u00cd\u00b1os demostraron que se puede competir sin renunciar a los valores, pues las competiciones pasan, pero los valores son los pilares\u00c2\u00a0del car\u00e1cter\u00e2\u20ac\u009d.<\/i><\/p>\n<div id=\"attachment_836\" style=\"width: 240px\" class=\"wp-caption alignleft\"><a href=\"http:\/\/dalmadaesa.cl\/wp-content\/uploads\/2013\/11\/196523_1314395916468_5435245_n.jpg\"><img loading=\"lazy\" decoding=\"async\" aria-describedby=\"caption-attachment-836\" class=\"size-medium wp-image-836 \" alt=\"196523_1314395916468_5435245_n\" src=\"http:\/\/dalmadaesa.cl\/wp-content\/uploads\/2013\/11\/196523_1314395916468_5435245_n-230x300.jpg\" width=\"230\" height=\"300\" srcset=\"https:\/\/dalmadaesa.cl\/wp-content\/uploads\/2013\/11\/196523_1314395916468_5435245_n-230x300.jpg 230w, https:\/\/dalmadaesa.cl\/wp-content\/uploads\/2013\/11\/196523_1314395916468_5435245_n.jpg 280w\" sizes=\"auto, (max-width: 230px) 100vw, 230px\" \/><\/a><p id=\"caption-attachment-836\" class=\"wp-caption-text\">Maestro Francisco Taboada con Gran Maestro Choi Hong Hi.<\/p><\/div>\n<p>&nbsp;<\/p>\n<p>Hablamos con Maestro Francisco Taboada, 7\u00ba dan de Tae Kwon Do en las dos modalidades. World Taekwondo Federation (WTF)\u00c2\u00a0 y International Taekwondo Traditional Association Federation (ITTAF) 8\u00ba Dan de Hap Ki Do de la escuela Won Kisull, Creador del sistema Won Kisull. Fundador de la escuela Yu Yon Kum Do\u00e2\u20ac\u009d.<\/p>\n<p>Sin lugar a dudas un gran maestro con una experiencia notable incluso como alumno del gran maestro Choi Hong Hi.<\/p>\n<p>&nbsp;<\/p>\n<p><i>1)\u00c2\u00a0\u00c2\u00a0\u00c2\u00a0 <\/i><i>Maestro usted tiene una amplia\u00c2\u00a0 experiencia en las artes marciales pero <\/i><i>\u00bfCu\u00e1ndo y donde comenz\u00f3 en la pr\u00e1ctica artes marciales?<\/i><i><\/i><\/p>\n<p>R: \u00e2\u20ac\u0153Comenc\u00e9 mis pr\u00e1cticas de Taekwondo en Buenos Aires,\u00c2\u00a0en el a\u00cd\u00b1o 1970, con el maestro Seo Joung Hye, actualmente director nacional de esa disciplina en Per\u00fa, con el grado de 8\u00ba Dan.<\/p>\n<p>En 1972, comenc\u00e9 mis pr\u00e1cticas de Hapkido y Kumdo, con el maestro \u00c2\u00a0Kim Sung Do\u00e2\u20ac\u009d.<\/p>\n<p>&nbsp;<\/p>\n<p>&nbsp;<\/p>\n<p><i>2)\u00c2\u00a0\u00c2\u00a0\u00c2\u00a0 <\/i><i>Dentro de la amplia gama de artes marciales practicadas \u00bfQu\u00e9 especialidad es la que m\u00e1s le gusta? \u00bfPor \u00c2\u00a0que?<\/i><\/p>\n<p>&nbsp;<\/p>\n<p>R: \u00e2\u20ac\u0153Cuando comenc\u00e9 a practicar era m\u00e1s joven y el Taekwondo fue mi pasi\u00f3n durante mucho tiempo. Particip\u00e9 y gane varios torneos.<\/p>\n<p>Ya en los a\u00cd\u00b1os `90, en Brasil, tuve la oportunidad de dedicarme y desarrollar el sistema Won Kisul de Hapkido. y esta disciplina pas\u00f3 a ocupar mi atenci\u00f3n de manera completa.<\/p>\n<p>Paralelamente, por ese mismo tiempo, comenc\u00e9 mis pr\u00e1cticas de<\/p>\n<p>I AI Do, en la escuela \u00abI Shinto Riu\u00bb, lo que a su vez, me devolvi\u00f3 a las pr\u00e1cticas de Kum Do. Luego de diez a\u00cd\u00b1os, abandon\u00e9 el I Ai Do, definitivamente y me aboqu\u00e9 a la creaci\u00f3n del estilo de la \u00abEspada Suave\u00bb (Yu Yon).<\/p>\n<p>En la actualidad, y debido m\u00e1s que nada, a mi larga experiencia en esas disciplinas, me dedico al cultivo de la esgrima coreana Kum Do, porque pienso que es la etapa de vivencia interna m\u00e1s fecunda y que mas me hace comprender la verdadera l\u00cd\u00adnea interna de una disciplina marcial\u00e2\u20ac\u009d<\/p>\n<p><a href=\"http:\/\/dalmadaesa.cl\/wp-content\/uploads\/2013\/11\/198086_1316429607309_8234691_n.jpg\"><img loading=\"lazy\" decoding=\"async\" class=\"size-full wp-image-835 alignleft\" alt=\"198086_1316429607309_8234691_n\" src=\"http:\/\/dalmadaesa.cl\/wp-content\/uploads\/2013\/11\/198086_1316429607309_8234691_n.jpg\" width=\"171\" height=\"228\" \/><\/a><\/p>\n<p>&nbsp;<\/p>\n<p><i>3)\u00c2\u00a0\u00c2\u00a0\u00c2\u00a0 <\/i><i>\u00c2\u00a0En relaci\u00f3n a la calidad de vida \u00bfCuales son los beneficios que considera que tiene las artes marciales a nivel\u00c2\u00a0f\u00cd\u00adsico\u00c2\u00a0y mental?<\/i><i><\/i><\/p>\n<p>&nbsp;<\/p>\n<p>R: \u00e2\u20ac\u0153Los beneficios f\u00cd\u00adsicos y mentales que pueden aportar las disciplinas marciales, es la probada eficacia del movimiento como corrector de actitudes inarm\u00f3nicas de las personas.<\/p>\n<p>Cada movimiento es una impronta que deja traslucir verdaderos estados emocionales y posibles problemas comportamentales, ya que, al recibir un est\u00cd\u00admulo, por medio de ciertas neuronas llamadas piramidales corticomotoras, llevamos la informaci\u00f3n al cerebro donde es procesada y transformada en una respuesta som\u00e1tica.<\/p>\n<p>Pero antes, esa informaci\u00f3n, atraves\u00f3 por el terreno del inconsciente, en la zona afectiva, donde se acumulan nuestras experiencias de placer o desagrado de pasadas vivencias, modificando de alguna manera la informaci\u00f3n recibida.<\/p>\n<p>Al retornar, la respuesta atraviesa la misma zona (lo que significa que la respuesta som\u00e1tica tendr\u00e1 la impronta de nuestra psiquis).<\/p>\n<p>Esto es un elemento muy valioso en manos de un instructor que sepa trabajar con los c\u00f3digos corporales, pues el practicante est\u00e1 brindando de manera inconsciente, se\u00cd\u00b1ales que pueden darnos datos que nos indican las causas ocultas de su comportamiento.<\/p>\n<p>En este sentido, las Artes Marciales son un verdadero auxiliar\u00c2\u00a0para corregir\u00c2\u00a0actitudes negativas en los practicantes\u00e2\u20ac\u009d.<\/p>\n<p><i>4)\u00c2\u00a0\u00c2\u00a0\u00c2\u00a0 <\/i><i>En relaci\u00f3n a su experiencia, \u00bfCu\u00e1l cree usted es su experiencia m\u00e1s memorable? \u00bfPor qu\u00e9?<\/i><i><\/i><\/p>\n<p>R: \u00e2\u20ac\u0153Alrededor \u00c2\u00a0de los a\u00cd\u00b1os `80 en Argentina, en un torneo nacional infantil por equipos (de cinco luchadores, en que para ganar se precisa vencer tres luchas) mis alumnos llegaron a la final. De cuatro luchas sucedidas, hab\u00cd\u00adamos ganado dos.<\/p>\n<p>Era la \u00faltima, todo o nada. Pero mi alumno perdi\u00f3. Finalizada la lucha, se forman los dos equipos y&#8230;acontece lo imprevisto. El \u00e1rbitro se equivoca y levanta la mano de mi alumno, dando ganador a mi equipo.<\/p>\n<p>Colapso total. Ni\u00cd\u00b1os del equipo perjudicado llorando. Los m\u00cd\u00ados gritando de alegr\u00cd\u00ada. Los padres enfurecidos. T\u00e9cnicos reclamando. Estadio en ebullici\u00f3n. Pero las reglas son claras. Una vez dado el fallo, no se puede volver atr\u00e1s.<\/p>\n<p>Sin embargo, la direcci\u00f3n se re\u00fane y pide una soluci\u00f3n. Pero nadie se atreve a modificar el resultado, porque se trata de ni\u00cd\u00b1os y la algarab\u00cd\u00ada de unos ser\u00e1 en detrimento de otros.<\/p>\n<p>Yo estaba ajeno, ocupado de arbitrar en otras \u00e1reas. Me procuraron y explicaron el problema. En definitiva, me delegaron el problema a m\u00cd\u00ad.<\/p>\n<p>Reun\u00cd\u00ad a los chicos y les explique la situaci\u00f3n.<\/p>\n<p>Simplemente les dije; \u00e2\u20ac\u0153Piensen si es justo y act\u00faen de acuerdo a lo que han aprendido conmigo\u00e2\u20ac\u009d.<\/p>\n<p>La decisi\u00f3n fue de ellos. Llamaron al \u00e1rbitro y recusaron el t\u00cd\u00adtulo. Cediendo el triunfo a sus verdaderos vencedores.<\/p>\n<p>Esto fue reconocido por el aplauso general y una menci\u00f3n especial en las publicaciones, como un hecho inusitado y un verdadero ejemplo de caballerosidad deportiva, lo m\u00e1s llamativo, realizada por ni\u00cd\u00b1os que mostraron a los mayores cual debe ser el esp\u00cd\u00adritu de una competici\u00f3n.<\/p>\n<p>Fue realmente memorable, porque los ni\u00cd\u00b1os demostraron que se puede competir sin renunciar a los valores, pues las competiciones pasan, pero los valores son los pilares\u00c2\u00a0del car\u00e1cter.<\/p>\n<p>&nbsp;<\/p>\n<p><i>5)\u00c2\u00a0\u00c2\u00a0\u00c2\u00a0 <\/i><i>Un evento memorable y de orgullo en el trabajo bien hecho, sin embargo, tambi\u00e9n tenemos problemas durante el dif\u00cd\u00adcil camino de la vida. \u00bfCu\u00e1l ha sido el episodio que considera m\u00e1s complicado durante su carrera de artista marcial?<\/i><\/p>\n<p>R: \u00e2\u20ac\u0153Quiz\u00e1s, el episodio m\u00e1s complicado de mi carrera, fue mi decisi\u00f3n de emigrar a Brasil. Hab\u00cd\u00adamos crecido mucho como academia. Ten\u00cd\u00adamos muchos instructores que se sumaron, viniendo de otros or\u00cd\u00adgenes. Entonces fue inevitable la crisis de diversos intereses. El conflicto se solucion\u00f3, pero ya nada fue lo mismo, todo daba a entender que era el momento de mudar de escenario.<\/p>\n<p>Y en Brasil tuve la oportunidad de comenzar otra vez de cero.<\/p>\n<p><i>6)\u00c2\u00a0\u00c2\u00a0\u00c2\u00a0 <\/i><i>Y en Brasil tiene su escuela que crece cada d\u00cd\u00ada m\u00e1s. Comenzar de cero significa priorizar muchas veces aspectos que van m\u00e1s all\u00e1 de lo t\u00e9cnico \u00bfQue considera que necesita un\u00c2\u00a0ne\u00f3fito\u00c2\u00a0artista marcial para ser un excelente practicante?<\/i><\/p>\n<p>&nbsp;<\/p>\n<p>R: \u00e2\u20ac\u0153Para ser un excelente practicante, un ne\u00f3fito, tiene que aprender\u00c2\u00a0o\u00c2\u00a0que\u00c2\u00a0es; \u00abCOMPROMISO\u00bb.<\/p>\n<p>No es f\u00e1cil. Llegar al ser un atleta de punta exige comprometerse con la pr\u00e1ctica, con el orden, con la dedicaci\u00f3n, con el sacrificio que implica aprender e incorporar una t\u00e9cnica, para despu\u00e9s poder aplicarla. Llega solo aquel que respeta el compromiso con su elecci\u00f3n, porque las Artes Marciales es un camino que se \u00abelige\u00bb. Nadie es forzado a practicar, por eso, el \u00abcompromiso\u00bb es lo m\u00e1s importante para un ne\u00f3fito\u00e2\u20ac\u009d.<\/p>\n<p><i>7)\u00c2\u00a0\u00c2\u00a0\u00c2\u00a0 <\/i><i>Compromiso, consigo mismo y con su instructor.<\/i><i><\/i><\/p>\n<p><i>En relaci\u00f3n a lo que queda por hacer \u00bfQue considera que es algo por hacer a mediano plazo?<\/i><\/p>\n<p>R: \u00e2\u20ac\u0153Algo que considero pendiente, relacionado con las Artes Marciales, es la realizaci\u00f3n de una universidad profesional, para instructores de Artes marciales de todas las modalidades.<\/p>\n<p>Es algo que solo est\u00e1 aguardando el reconocimiento oficial del ministerio de educaci\u00f3n y cultura.<\/p>\n<p>Para lanzar el proyecto como opci\u00f3n de vida para los j\u00f3venes.<\/p>\n<p>En Brasil est\u00e1 funcionando muy bien y sin mucha burocracia. Hemos creado el CIEM; <b>Centro Internacional de Estudio del Movimiento.<\/b> Se presentaron los programas de estudios que est\u00e1n para ser evaluados por el ministerio. El programa cuenta con estudios sobre movimientos patrones comunes a todas las disciplinas, como la expresi\u00f3n psicosom\u00e1tica, lenguaje corporal, correcciones cin\u00e9ticas y est\u00e1ticas, coordinaci\u00f3n lateral y de velocidad. \u00c2\u00a0Por otro lado, la lucha esta propuesta como soluci\u00f3n a situaciones de conflictos, etc.<\/p>\n<p>Adem\u00e1s de materias human\u00cd\u00adsticas como Historia y filosof\u00cd\u00ada marcial, \u00e9tica marcial, pedagog\u00cd\u00ada marcial, nutrici\u00f3n, medicina deportiva, psicolog\u00cd\u00ada del comportamiento, marketing y administraci\u00f3n empresarial.<\/p>\n<p>Contamos con un cuerpo de profesionales entre profesores de educaci\u00f3n f\u00cd\u00adsica, m\u00e9dicos, psic\u00f3logos pedagogos, abogados, etc. Todo respaldado por el Departamento T\u00e9cnico de la empresa \u00abGrupo Proyectar\u00bb, con personer\u00cd\u00ada jur\u00cd\u00addica.<\/p>\n<p>Los cursos que duran entre seis meses y un a\u00cd\u00b1o, capacitan a los participantes en; PERITOS.<\/p>\n<p>Ya el curso mayor, en el que se ven las materias enunciadas, dura dos a\u00cd\u00b1os, y se egresa con el t\u00cd\u00adtulo de \u00abLICENCIADO\u00bb. El requisito de admisi\u00f3n es, ser cinto negro en alguna disciplina. Se ha realizado un estudio de mercado, y la respuesta ha sido muy optimista.<\/p>\n<p>El futuro tiene la palabra\u00e2\u20ac\u009d.<\/p>\n<p>&nbsp;<\/p>\n<p><i>8)\u00c2\u00a0\u00c2\u00a0\u00c2\u00a0 <\/i><i>Maestro sin lugar a dudas diversos proyectos y muchos ejecutados, al momento final \u00bfComo quisiera ser recordado?<\/i><\/p>\n<p>R: \u00e2\u20ac\u0153Si alguna vez, alguien me recuerda, que sea por haber sido una buena persona\u00e2\u20ac\u009d.<\/p>\n<p>&nbsp;<\/p>\n<p><i>9)\u00c2\u00a0\u00c2\u00a0\u00c2\u00a0 <\/i><i>\u00c2\u00a0Algunas palabras que quisiera dedicar a la escuela Dalmadaesa Chile.<\/i><\/p>\n<p>R: \u00e2\u20ac\u0153DALMA DAESA es una instituci\u00f3n que, personalmente, considero una de las m\u00e1s serias y respetables, no solo en Chile, sino tambi\u00e9n en el orden internacional. Los t\u00cd\u00adtulos deportivos conquistados por sus atletas, ser\u00cd\u00ada suficiente credencial para merecer tal reconocimiento.<\/p>\n<p>Pero quiero expresar un sentimiento personal.<\/p>\n<p>Se dice que son los integrantes de cada instituci\u00f3n los responsables de la reputaci\u00f3n de la misma.<\/p>\n<p>Hace algunos a\u00cd\u00b1os, el maestro Rafael Santos me envi\u00f3 un grupo de cinco instructores con la misi\u00f3n de aprender un estilo de Hap Ki Do. Todos ellos consagrados campeones de Taekwondo, en el orden nacional e internacional.<\/p>\n<p>Ellos\u00c2\u00a0quedaron a mi tutela por el espacio de un mes. Trabajaron duro todos los d\u00cd\u00adas, en jornadas completas desde las 07:30 hrs en que me aparec\u00cd\u00ada en la academia (donde dorm\u00cd\u00adan y com\u00cd\u00adan) para comenzar las practicas\u00c2\u00a0donde estaban hasta las 12:30 hrs, en que paraban para el almorzar y descansar hasta las 16:30hrs, que comenzaba la segunda secci\u00f3n hasta las 22:00 hrs en que finalizaban las actividades.<\/p>\n<p>Las jornadas eran largas, agotadoras y estresantes. El d\u00cd\u00ada era sacrificado. \u00c2\u00a0Las noches no eran muy descansadas, lo que permit\u00cd\u00ada la precaria disponibilidad de dormir sobre un tatami.<\/p>\n<p>Lo que me impresion\u00f3, fue que en ning\u00fan momento de toda la estad\u00cd\u00ada estos \u00abverdaderos GUERREROS\u00bb DIERON ALGUNA M\u00cd\u008dSERA MUESTRA DE DES\u00cd\u0081NIMO.<\/p>\n<p>Siempre alegres, ning\u00fan mal entendido entre compa\u00cd\u00b1eros, solidarios siempre entre todos como Mosqueteros, sin nunca dar muestras de cansancio. Y sobre todo, mostraron ser due\u00cd\u00b1os de una disciplina envidiable.<\/p>\n<p>Fueron excelentes practicantes, disciplinados y muy esforzados. Me enorgullezco de haberlos tenido como disc\u00cd\u00adpulos. Profesores, Cristian Martin, Javier Quiroz, Esteban V\u00e1squez,\u00c2\u00a0Bryan Blanco y \u00abGato\u00bb Daniel Vergara.<\/p>\n<p>&nbsp;<\/p>\n<div id=\"attachment_838\" style=\"width: 310px\" class=\"wp-caption aligncenter\"><a href=\"http:\/\/dalmadaesa.cl\/wp-content\/uploads\/2013\/11\/342_28320203497_5385_n1.jpg\"><img loading=\"lazy\" decoding=\"async\" aria-describedby=\"caption-attachment-838\" class=\"size-medium wp-image-838\" alt=\"Equipo de Dalmadaesa en Brasil con Maestro Francisco Taboada. Febrero 2008.\" src=\"http:\/\/dalmadaesa.cl\/wp-content\/uploads\/2013\/11\/342_28320203497_5385_n1-300x220.jpg\" width=\"300\" height=\"220\" srcset=\"https:\/\/dalmadaesa.cl\/wp-content\/uploads\/2013\/11\/342_28320203497_5385_n1-300x220.jpg 300w, https:\/\/dalmadaesa.cl\/wp-content\/uploads\/2013\/11\/342_28320203497_5385_n1.jpg 492w\" sizes=\"auto, (max-width: 300px) 100vw, 300px\" \/><\/a><p id=\"caption-attachment-838\" class=\"wp-caption-text\">Equipo de Dalmadaesa en Brasil con Maestro Francisco Taboada. Febrero 2008.<\/p><\/div>\n<p align=\"center\">\u00abUna organizaci\u00f3n siempre se juzga por sus integrantes\u00e2\u20ac\u009d.<\/p>\n","protected":false},"excerpt":{"rendered":"<p>Maestro Francisco Taboada: \u00e2\u20ac\u0153\u00e2\u20ac\u00a6los ni\u00cd\u00b1os demostraron que se puede competir sin renunciar a los valores, pues las competiciones pasan, pero los valores son los pilares\u00c2\u00a0del car\u00e1cter\u00e2\u20ac\u009d. &nbsp; Hablamos con Maestro Francisco Taboada, 7\u00ba dan de Tae Kwon Do en las dos modalidades. World Taekwondo Federation (WTF)\u00c2\u00a0 y International Taekwondo Traditional Association Federation (ITTAF) 8\u00ba Dan&hellip; <br \/> <a class=\"read-more\" href=\"https:\/\/dalmadaesa.cl\/?p=834\">Leer m\u00e1s<\/a><\/p>\n","protected":false},"author":2,"featured_media":0,"comment_status":"closed","ping_status":"open","sticky":false,"template":"","format":"standard","meta":{"footnotes":""},"categories":[14],"tags":[],"class_list":["post-834","post","type-post","status-publish","format-standard","hentry","category-entrevistas"],"_links":{"self":[{"href":"https:\/\/dalmadaesa.cl\/index.php?rest_route=\/wp\/v2\/posts\/834","targetHints":{"allow":["GET"]}}],"collection":[{"href":"https:\/\/dalmadaesa.cl\/index.php?rest_route=\/wp\/v2\/posts"}],"about":[{"href":"https:\/\/dalmadaesa.cl\/index.php?rest_route=\/wp\/v2\/types\/post"}],"author":[{"embeddable":true,"href":"https:\/\/dalmadaesa.cl\/index.php?rest_route=\/wp\/v2\/users\/2"}],"replies":[{"embeddable":true,"href":"https:\/\/dalmadaesa.cl\/index.php?rest_route=%2Fwp%2Fv2%2Fcomments&post=834"}],"version-history":[{"count":0,"href":"https:\/\/dalmadaesa.cl\/index.php?rest_route=\/wp\/v2\/posts\/834\/revisions"}],"wp:attachment":[{"href":"https:\/\/dalmadaesa.cl\/index.php?rest_route=%2Fwp%2Fv2%2Fmedia&parent=834"}],"wp:term":[{"taxonomy":"category","embeddable":true,"href":"https:\/\/dalmadaesa.cl\/index.php?rest_route=%2Fwp%2Fv2%2Fcategories&post=834"},{"taxonomy":"post_tag","embeddable":true,"href":"https:\/\/dalmadaesa.cl\/index.php?rest_route=%2Fwp%2Fv2%2Ftags&post=834"}],"curies":[{"name":"wp","href":"https:\/\/api.w.org\/{rel}","templated":true}]}}