{"id":853,"date":"2013-12-09T19:35:13","date_gmt":"2013-12-09T19:35:13","guid":{"rendered":"http:\/\/dalmadaesa.cl\/?p=853"},"modified":"2018-03-08T01:47:43","modified_gmt":"2018-03-08T01:47:43","slug":"tkdance-hermanos-farias-con-esto-rompo-el-prejuicio-de-que-para-hacer-tkd-dance-hay-que-se-bailarin-el-tkd-dance-es-para-todos-serios-alegres-depresivos","status":"publish","type":"post","link":"https:\/\/dalmadaesa.cl\/?p=853","title":{"rendered":"TKDance! Hermanos Far\u00cd\u00adas: \u00abCon esto rompo el prejuicio de que para hacer TKD Dance hay que ser bailar\u00cd\u00adn, el TKD Dance es para todos. Serios, alegres, depresivos&#8230;\u00bb"},"content":{"rendered":"<div id=\"attachment_854\" style=\"width: 310px\" class=\"wp-caption alignleft\"><a href=\"http:\/\/dalmadaesa.cl\/wp-content\/uploads\/2013\/12\/1390505_10201783742188204_791226492_n.jpg\"><img loading=\"lazy\" decoding=\"async\" aria-describedby=\"caption-attachment-854\" class=\"size-medium wp-image-854\" alt=\"Seminario TKDance 2013. Fotograf\u00cd\u00ada: Camila Mur\u00faa.\" src=\"http:\/\/dalmadaesa.cl\/wp-content\/uploads\/2013\/12\/1390505_10201783742188204_791226492_n-300x220.jpg\" width=\"300\" height=\"220\" srcset=\"https:\/\/dalmadaesa.cl\/wp-content\/uploads\/2013\/12\/1390505_10201783742188204_791226492_n-300x220.jpg 300w, https:\/\/dalmadaesa.cl\/wp-content\/uploads\/2013\/12\/1390505_10201783742188204_791226492_n.jpg 960w\" sizes=\"auto, (max-width: 300px) 100vw, 300px\" \/><\/a><p id=\"caption-attachment-854\" class=\"wp-caption-text\">Seminario TKDance 2013. Fotograf\u00cd\u00ada: Camila Mur\u00faa.<\/p><\/div>\n<p>&nbsp;<\/p>\n<p>Desde hace mucho tiempo que tenemos grandes exponentes en Open Brazil y Festival Latinoamericano, relacionado con el taekwondo exhibici\u00f3n, a nivel internacional Red Tiger es un referente, hoy en d\u00cd\u00ada el Taekwondo Dance va ganando espacio, haci\u00e9ndose cada vez m\u00e1s masivo y complejo.<\/p>\n<p>Hoy hablamos con los mayores exponentes en nuestra querida asociaci\u00f3n. Nuestros Hermanos Far\u00cd\u00adas de la escuela Circulo de Quiron, nos cuentan como ha sido su experiencia con el taekwondo Dance. Para esto definiremos el \u00e2\u20ac\u0153Taekwondo Dance\u00e2\u20ac\u009d como una especialidad del taekwondo exhibici\u00f3n o espect\u00e1culo trabaja principalmente lo que son las t\u00e9cnicas de brazos y piernas en r\u00cd\u00adtmo, obviamente mezclado con pasos de baile de todos los estilos, en el caso particular de Chile ha sido muy influenciado, por los estilos urbanos como el Breakdance, Hip-Hop, Electro, entre otros.<\/p>\n<p>Teniendo en claro esto, hablamos con Pablo Far\u00cd\u00adas y con su hermano Jonathan Far\u00cd\u00adas, ambos cinturones negros de nuestra organizaci\u00f3n nos cuentan desde sus inicios en el taekwondo hasta ahora.<\/p>\n<p>&nbsp;<\/p>\n<div id=\"attachment_859\" style=\"width: 310px\" class=\"wp-caption alignleft\"><a href=\"http:\/\/dalmadaesa.cl\/wp-content\/uploads\/2013\/12\/282_14588920889_3155_n.jpg\"><img loading=\"lazy\" decoding=\"async\" aria-describedby=\"caption-attachment-859\" class=\"size-medium wp-image-859\" alt=\"Escuela Argonautas. 2011. Instructora Cecilia Perez, Patricio Rivas.\" src=\"http:\/\/dalmadaesa.cl\/wp-content\/uploads\/2013\/12\/282_14588920889_3155_n-300x220.jpg\" width=\"300\" height=\"220\" srcset=\"https:\/\/dalmadaesa.cl\/wp-content\/uploads\/2013\/12\/282_14588920889_3155_n-300x220.jpg 300w, https:\/\/dalmadaesa.cl\/wp-content\/uploads\/2013\/12\/282_14588920889_3155_n.jpg 325w\" sizes=\"auto, (max-width: 300px) 100vw, 300px\" \/><\/a><p id=\"caption-attachment-859\" class=\"wp-caption-text\">Escuela Argonautas. 2011. Instructora Cecilia Perez, Patricio Rivas.<\/p><\/div>\n<p><i>1)\u00c2\u00a0\u00c2\u00a0\u00c2\u00a0\u00c2\u00a0\u00c2\u00a0\u00c2\u00a0\u00c2\u00a0\u00c2\u00a0\u00c2\u00a0\u00c2\u00a0\u00c2\u00a0 <\/i><i>\u00bfC\u00f3mo fue tus inicios en el taekwondo?<\/i><\/p>\n<p><b>Pablo<\/b>: \u00e2\u20ac\u0153Uff!!! Comenc\u00e9 en mi colegio, hace ya unos doce a\u00cd\u00b1os atr\u00e1s, ingrese al taller porque unos amigos y mi hermano asist\u00cd\u00adan, me invitaron a ser parte de un equipo llamado en ese entonces \u00abArgonautas\u00bb con la instructora Cecilia Per\u00e9z. Me quede por qu\u00e9 me gusto pegar patadas \u00c2\u00a1\u00c2\u00a1\u00c2\u00a1Jajajajja!!. Como cualquier ni\u00cd\u00b1o.\u00c2\u00a0 Ya despu\u00e9s se fue transformando en algo m\u00e1s que patear y paso a transformarse en una ayuda y complemento para la vida.<\/p>\n<p>A nivel intelectual, f\u00cd\u00adsico y emocional, han contribuido en que me sienta m\u00e1s c\u00f3modo con mi forma de ser.\u00c2\u00a0 A sido muy importante para mi desde siempre, desde este punto de vista, la gran mayor\u00cd\u00ada de las decisiones que tomo tienen influencia con mi mundo y el taekwondo, tengo muy pendiente que el horario del trabajo o estudio, no me deben quitar muchos d\u00cd\u00adas de entrenamiento.<\/p>\n<p>El TKD es parte de mi jajaja!!!. Puede que en alg\u00fan momento deba dejar de entrenar pero desvincularse de mi academia no es una opci\u00f3n\u00e2\u20ac\u009d.<\/p>\n<p><b>Jonathan<\/b>: \u00e2\u20ac\u0153Oh!!! Que recuerdos, cabe la casualidad que a los 12 a\u00cd\u00b1os, bueno al igual que mi hermano, amigos me invitaban siempre a participar, comenc\u00e9 a mirar c\u00f3mo se organizaban las coreograf\u00cd\u00adas de baile unas chicas de taekwondo, junto a mi instructora en ese entonces Cecilia P\u00e9rez, desde ese momento cre\u00cd\u00ad que el TKD era un tipo de danza Ja j aja! y por esa raz\u00f3n comenc\u00e9 a entrenar, paso el tiempo y descubr\u00cd\u00ad que no solamente era una danza sino que se trataba de un arte marcial&#8230; me gusto y bueno arte marcial y danza entraron en mi y comenc\u00e9 a practicar.<\/p>\n<div id=\"attachment_490\" style=\"width: 310px\" class=\"wp-caption alignleft\"><a href=\"http:\/\/dalmadaesa.cl\/wp-content\/uploads\/2012\/07\/391567_10151181469173939_676397597_n.jpg\"><img loading=\"lazy\" decoding=\"async\" aria-describedby=\"caption-attachment-490\" class=\"size-medium wp-image-490\" alt=\"Equipo Coreografico Festival Latinoamericano 2012, Sao Paulo Brasil.\" src=\"http:\/\/dalmadaesa.cl\/wp-content\/uploads\/2012\/07\/391567_10151181469173939_676397597_n-300x222.jpg\" width=\"300\" height=\"222\" srcset=\"https:\/\/dalmadaesa.cl\/wp-content\/uploads\/2012\/07\/391567_10151181469173939_676397597_n-300x222.jpg 300w, https:\/\/dalmadaesa.cl\/wp-content\/uploads\/2012\/07\/391567_10151181469173939_676397597_n.jpg 759w\" sizes=\"auto, (max-width: 300px) 100vw, 300px\" \/><\/a><p id=\"caption-attachment-490\" class=\"wp-caption-text\">Equipo Coreogr\u00e1fico Festival Latinoamericano 2012, Sao Paulo Brasil.<\/p><\/div>\n<p>Con el tiempo el TKD se transformo en parte de mi y lo que llamo \u00e2\u20ac\u0153MI\u00e2\u20ac\u009d formaci\u00f3n y \u00c2\u00a0educaci\u00f3n; tanto emocional, intelectual y f\u00cd\u00adsica. Me ha ayudado a desarrollar y definir mi identidad, si no hubiese practicado TKD quiz\u00e1s hubiera sido un bailar\u00cd\u00adn, llevado a mis ideas y no hubiera tenido la formaci\u00f3n disciplinaria que recib\u00cd\u00ad en TKD, siempre ha sido para m\u00cd\u00ad un complemento de vida, a trav\u00e9s del TKD aprend\u00cd\u00ad a resolver mis problemas o situaciones dif\u00cd\u00adciles de la vida.<\/p>\n<p>Ha sido gracias al taekwondo que he aprendido a darle luz a un sitio oscuro y cerrado&#8230; TKD para mi es aprender crecer desarrollarse, cumplir y plantearse objetivos tras objetivos\u00e2\u20ac\u009d.<\/p>\n<p><i>2) \u00bfCu\u00e1ndo comenz\u00f3 esta pasi\u00f3n con el TKD Dance?<\/i><i><\/i><\/p>\n<p><b>Jonathan<\/b>: \u00e2\u20ac\u0153Como te contaba, pens\u00e9 que el TKD era un tipo de danza. Ja!<\/p>\n<p>En esos tiempos se hac\u00cd\u00adan categor\u00cd\u00adas de competencias llamadas \u00e2\u20ac\u0153Forma coreogr\u00e1ficas\u00e2\u20ac\u009d en el a\u00cd\u00b1o 2007 tuve la primera competencia de estas en el INTERESCOLAR COPA BODHIDHARMA, la core\u00f3grafa era mi instructora Cecilia P\u00e9rez quien quer\u00cd\u00ada que el TKD danza creciera cada d\u00cd\u00ada m\u00e1s, siendo yo el primer hombre del equipo que participo en estas competencias (obtuvimos junto a dos chicas el primer lugar).<\/p>\n<p>Mi instructora falleci\u00f3 al tiempo despu\u00e9s, luego de su partida se dividi\u00f3 el equipo de formas coreogr\u00e1ficas en equipo de hombre y mujeres desde ese entonces compet\u00cd\u00adamos siempre hombres contra mujeres en esta modalidad, pasaron a\u00cd\u00b1os para descubrir que el TKDance siempre hab\u00cd\u00ada sido parte de mi\u00e2\u20ac\u009d.<\/p>\n<p><b>\u00c2\u00a0<\/b><\/p>\n<p><b>Pablo<\/b>: \u00e2\u20ac\u0153En mi caso, todo comienza meses antes de operar mi rodilla (lesi\u00f3n 2010), en los campeonatos de Dalmadaesa estaba la categor\u00cd\u00ada \u00e2\u20ac\u0153exhibici\u00f3n\u00e2\u20ac\u009d siempre ten\u00cd\u00adamos excelentes ideas y las mostr\u00e1bamos en los campeonatos.<\/p>\n<p>Pero comenz\u00f3 a ser m\u00e1s importante el Taekwondo Dance en mi vida cuando en el a\u00cd\u00b1o 2012, mi equipo estaba preparando una coreograf\u00cd\u00ada para competir en Brasil (Brazil Games) y una integrante no pudo viajar en \u00faltimo momento, en ese tiempo yo bailaba muy poco, m\u00e1s que nada acompa\u00cd\u00b1aba en las jornadas de entrenamiento, me sab\u00cd\u00ada la coreograf\u00cd\u00ada. Por diversos motivos para m\u00cd\u00ad fue un desaf\u00cd\u00ado porque mi lesi\u00f3n en la rodilla no me permit\u00cd\u00ada patear con seguridad, entonces lo que paso fue que mi visi\u00f3n del TKD se expandi\u00f3, me dije, &#8211;no es solo poomse, no es solo combate, tambi\u00e9n puede ser exhibici\u00f3n y espect\u00e1culo&#8211; \u00c2\u00a1\u00c2\u00a1\u00c2\u00a1hay mas por descubrir!!!<\/p>\n<p>Aquel a\u00cd\u00b1o ganamos el primer lugar de la categor\u00cd\u00ada.<\/p>\n<p>Despu\u00e9s llego el Breakdance en las calles, con especialistas de baile urbano (a todo esto yo ten\u00cd\u00ada mis prejuicios con los bailarines. Ja!), pero sin embargo cuando comenc\u00e9 a tomar clases para mejorar el TKD Dance fui rompiendo prejuicios, de hecho, no aprend\u00cd\u00ad a bailar; por tomar clases de baile; yo inicie con el poomse musical combinando las t\u00e9cnicas del TKD con m\u00fasica urbana, cl\u00e1sica y new age\u00e2\u20ac\u009d.<\/p>\n<p><i>Bueno hemos escuchado muchos t\u00e9rminos para definir el TKDance, \u00bfQue es para ti el TKDance Jonathan?<\/i><\/p>\n<p><b>Jonathan<\/b>:\u00e2\u20ac\u009dEn lo t\u00e9cnico, es un fragmento peque\u00cd\u00b1o de lo que es el TKD espect\u00e1culo, son las t\u00e9cnicas de taekwondo interpretadas musicalmente con el cuerpo.<\/p>\n<p>En Chile, trabajamos particularmente con estilos de danzas urbanas como el Hip-hop, Popping, Locking, House, Breakdance, Dancehall, Electro, entre otros. Obviamente aspiramos a trabajar con m\u00fasica cl\u00e1sica tambi\u00e9n, pero es mas complejo. En definitiva integrar todas las influencias del Tricking, artes marciales combinadas y gimnasia deportiva.<\/p>\n<p>&nbsp;<\/p>\n<p><i>\u00bfCrees que el TKD en la forma tradicional disciplinada y expresiva (TKDance) ha sido diferente a la danza propiamente tal?<\/i><\/p>\n<p><b>\u00c2\u00a0Jonathan<\/b>: \u00e2\u20ac\u0153Ambos, mi hermano y yo, descubrimos la danza en la calle con gente distinta y maneras de vida distintas a quienes encontramos en TKD, vimos drogas y alcohol. En el caso del TKD fue de alguna forma un oasis, gracias a esto no ca\u00cd\u00admos en la drogadicci\u00f3n o el alcoholismo, supimos elegir las amistades, no quiero decir que los bailarines callejeros sean drogadictos y alcoh\u00f3licos. Hasta el d\u00cd\u00ada de hoy seguimos bailando en las calles con grandes amigos bailarines, siempre dando a conocer y ense\u00cd\u00b1ar el TKDance como una danza para bailarines, tambi\u00e9n he sido parte activa de mi academia, es muy distinto a la calle, sin embargo, las academias son un gran aporte t\u00e9cnico a la danza y al TKD, ambos tienen algo bueno que aportarnos a todos\u00e2\u20ac\u009d.<\/p>\n<p><i>2)\u00c2\u00a0\u00c2\u00a0\u00c2\u00a0\u00c2\u00a0\u00c2\u00a0\u00c2\u00a0\u00c2\u00a0\u00c2\u00a0\u00c2\u00a0\u00c2\u00a0\u00c2\u00a0 <\/i><i>Y luego\u00e2\u20ac\u00a6 los reclutaron en el Centro de Entrenamiento Ol\u00cd\u00admpico, \u00bfC\u00f3mo te integras a este equipo de trabajo?<\/i><\/p>\n<p><b>Pablo<\/b>: \u00e2\u20ac\u0153Jajaja!! Bueno debes saber que mi hermano, Jonathan Far\u00cd\u00adas ingreso al CEO por una convocatoria masiva. En mi caso, participando de una competencia de taekwondo Dance en Valpara\u00cd\u00adso, Daniel Ramirez, me observ\u00f3 e invit\u00f3 a participar del equipo de exhibici\u00f3n de la Federaci\u00f3n\u00e2\u20ac\u009d.<\/p>\n<div id=\"attachment_855\" style=\"width: 310px\" class=\"wp-caption alignleft\"><a href=\"http:\/\/dalmadaesa.cl\/wp-content\/uploads\/2013\/12\/1450180_10201783737108077_570083117_n.jpg\"><img loading=\"lazy\" decoding=\"async\" aria-describedby=\"caption-attachment-855\" class=\"size-medium wp-image-855\" alt=\"1450180_10201783737108077_570083117_n\" src=\"http:\/\/dalmadaesa.cl\/wp-content\/uploads\/2013\/12\/1450180_10201783737108077_570083117_n-300x211.jpg\" width=\"300\" height=\"211\" srcset=\"https:\/\/dalmadaesa.cl\/wp-content\/uploads\/2013\/12\/1450180_10201783737108077_570083117_n-300x211.jpg 300w, https:\/\/dalmadaesa.cl\/wp-content\/uploads\/2013\/12\/1450180_10201783737108077_570083117_n.jpg 830w\" sizes=\"auto, (max-width: 300px) 100vw, 300px\" \/><\/a><p id=\"caption-attachment-855\" class=\"wp-caption-text\">Seminario TKDance 2013. Fotograf\u00cd\u00ada Camila Murua.<\/p><\/div>\n<p><i>3)\u00c2\u00a0\u00c2\u00a0\u00c2\u00a0\u00c2\u00a0\u00c2\u00a0\u00c2\u00a0\u00c2\u00a0\u00c2\u00a0\u00c2\u00a0\u00c2\u00a0\u00c2\u00a0 <\/i><i>\u00bfC\u00f3mo ha sido esta experiencia?<\/i><\/p>\n<p><b>Pablo<\/b>: \u00e2\u20ac\u0153Mi experiencia a sido \u00abBKN\u00bb Jajajja! porque asum\u00cd\u00ad el desaf\u00cd\u00ado de integrar una presentaci\u00f3n de inmediato, en donde me sent\u00cd\u00ad muy c\u00f3modo\u00e2\u20ac\u009d.<\/p>\n<p><b>Jonathan<\/b>: \u00e2\u20ac\u0153La experiencia en el CAR, se ha convertido tanto en un desafi\u00f3 como en una responsabilidad, entregando mis conocimientos y aportar al equipo en materia de danza, pero tambi\u00e9n se hace importante la t\u00e9cnica del TKD, \u00c2\u00a0y todo se hace sumamente importante; defensa personal, rompimiento, poomsae, combate, piruetas gimnasticas, teatro, danza coreograf\u00cd\u00ada, luces, m\u00fasica y todo esto revuelto para obtener el \u00e2\u20ac\u0153TKD espect\u00e1culo\u00e2\u20ac\u009d que desarrollamos en la selecci\u00f3n, entre al CAR no solo a perfeccionarme, sino tambi\u00e9n, a que el taekwondo dance y espect\u00e1culo crezca cada d\u00cd\u00ada m\u00e1s\u00e2\u20ac\u009d<i><\/i><\/p>\n<p>&nbsp;<\/p>\n<div id=\"attachment_860\" style=\"width: 310px\" class=\"wp-caption alignleft\"><a href=\"http:\/\/dalmadaesa.cl\/wp-content\/uploads\/2013\/12\/1451602_10201929591194338_1191206892_n.jpg\"><img loading=\"lazy\" decoding=\"async\" aria-describedby=\"caption-attachment-860\" class=\"size-medium wp-image-860\" alt=\"Equipo Exhibici\u00f3n 2013. Fotograf\u00cd\u00ada: Camila Murua.\" src=\"http:\/\/dalmadaesa.cl\/wp-content\/uploads\/2013\/12\/1451602_10201929591194338_1191206892_n-300x220.jpg\" width=\"300\" height=\"220\" srcset=\"https:\/\/dalmadaesa.cl\/wp-content\/uploads\/2013\/12\/1451602_10201929591194338_1191206892_n-300x220.jpg 300w, https:\/\/dalmadaesa.cl\/wp-content\/uploads\/2013\/12\/1451602_10201929591194338_1191206892_n.jpg 960w\" sizes=\"auto, (max-width: 300px) 100vw, 300px\" \/><\/a><p id=\"caption-attachment-860\" class=\"wp-caption-text\">Equipo Exhibici\u00f3n 2013. Fotograf\u00cd\u00ada: Camila Murua.<\/p><\/div>\n<p><i>4)\u00c2\u00a0\u00c2\u00a0\u00c2\u00a0\u00c2\u00a0\u00c2\u00a0\u00c2\u00a0\u00c2\u00a0\u00c2\u00a0\u00c2\u00a0\u00c2\u00a0\u00c2\u00a0 <\/i><i>Tambi\u00e9n te has dedicado a ense\u00cd\u00b1ar esta disciplina tan nueva. \u00bfC\u00f3mo ha sido esta experiencia?<\/i><\/p>\n<p><b>Pablo<\/b>: \u00e2\u20ac\u0153Como monitor de TKD Dance ha sido un gran desaf\u00cd\u00ado, porque realizar una clase de algo tan novedoso deja muchos espacios\u00c2\u00a0 durante la sesi\u00f3n y las personas que quieren aprender de esto tienen una disciplina muy r\u00cd\u00adgida, heredada del TKD. Sin embargo, lo tomo con responsabilidad de averiguar mas, capacit\u00e1ndome sobre el TKD Dance, el espect\u00e1culo, escenarios, equipos de luz, audio, m\u00fasica, de todo. Y es incre\u00cd\u00adble hacer clases de TKD Dance porque hace que los practicantes dejen un poco de lado la seriedad sin dejar los protocolos marciales.<\/p>\n<p>Lo gratificante es cuando se acercan peque\u00cd\u00b1os y dicen que les gusto bailar, patear con m\u00fasica y que quieren seguir aprendiendo y mejorando\u00e2\u20ac\u009d.<\/p>\n<p>&nbsp;<\/p>\n<p><b>Jonathan<\/b>: \u00e2\u20ac\u0153\u00c2\u00a1Es lo mejor! no solo en clases de TKDance si no que mi clases de TKD siempre van dirigidas en torno a la danza, me gusta mucho hacer clases a ni\u00cd\u00b1os han aprendido a expresarse en ritmo gracias al TKD, como yo aprend\u00cd\u00ad cuando comenc\u00e9.<\/p>\n<p>Me gusta estar constantemente entregando conocimiento de este nuevo arte y sentirme feliz que las personas quienes han aprendido conmigo tengan una visi\u00f3n m\u00e1s amplia del TKD, ni\u00cd\u00b1os, j\u00f3venes y adultos han respondido de buena forma en cuanto al apoyo que he recibido, participando de mis clases, hacer clases para mi es trasformar una generaci\u00f3n haciendo una explosi\u00f3n del TKD y arte\u00e2\u20ac\u009d.<\/p>\n<p>&nbsp;<\/p>\n<p><i>5)\u00c2\u00a0\u00c2\u00a0\u00c2\u00a0\u00c2\u00a0\u00c2\u00a0\u00c2\u00a0\u00c2\u00a0\u00c2\u00a0\u00c2\u00a0\u00c2\u00a0\u00c2\u00a0 <\/i><i>Bueno y en relaci\u00f3n a lo que viene a futuro. \u00bfCu\u00e1les son tus principales objetivos?<\/i><\/p>\n<p><b>Pablo<\/b>: \u00e2\u20ac\u0153Objetivo personal prioritario es no fallarle al equipo de TKD Dance porque si les fallo a ellos estoy fallando a Chile, pues anhelo que Chile se convierta en referente de TKD Dance a nivel mundial.<\/p>\n<p>As\u00cd\u00ad mismo, espero que TKD espect\u00e1culo sea otra opci\u00f3n para los taekwondistas. No solo poomse y combate sino que tambi\u00e9n hay TKD Dance, rompimiento, defensa personal, filosof\u00cd\u00ada, piruetas y mucho m\u00e1s.<\/p>\n<p><b>Jonathan<\/b>: \u00e2\u20ac\u0153Mis objetivos son que el TKDanza y espect\u00e1culo crezca en Chile y se masifique, tambi\u00e9n viajar a otros pa\u00cd\u00adses, competir y estudiar sobre las distintas visiones de otras culturas sobre el taekwondo espect\u00e1culo, tambi\u00e9n participar en festivales como el Open COREA, HANMADANG y la gran REDBULL KICK IT competencia de TKDance y ticking en corea del sur. Obviamente objetivos personales pero que me encantar\u00cd\u00ada \u00c2\u00a0que mis amigos se sumaran a mis objetivos del TKD\u00e2\u20ac\u009d<\/p>\n<p><b>Pablo<\/b>: Quiero decir tambi\u00e9n que mi hermano ha hecho que el TKD Dance se profesionalice cada d\u00cd\u00ada m\u00e1s dentro de la Dalmadaesa. Sigue luchando contra los prejuicios y por lo dem\u00e1s dentro del equipo de exhibici\u00f3n, su aporte coreogr\u00e1fico es esencial, maneja informaci\u00f3n sobre diversos estilos de danzas y lo principal busca innovar, siempre busca lo que sea agradable para el p\u00fablico provocar emociones e inmortalizar el momento.<\/p>\n<p>Muchas gracias por la entrevista de verdad, que todo lo que sirva para hacer que el TKD Dance tenga espacio se agradece y est\u00e1n todos invitados a los seminarios y actividades que realicemos durante el a\u00cd\u00b1o.<\/p>\n<p>Con esto rompo el prejuicio de que para hacer TKD Dance hay que se bailar\u00cd\u00adn, el TKD Dance es para todos. Serios, alegres, depresivos, etc.<\/p>\n<p>\u00c2\u00a1Muchas gracias!\u00e2\u20ac\u009d<\/p>\n<p><b>Jonathan<\/b>: \u00e2\u20ac\u0153Quiero decir tambi\u00e9n que mi hermano es un gran apoyo, comenc\u00e9 solo en esto y bueno mi hermano se sumo, \u00e9l quer\u00cd\u00ada comprender mi manera de vida y mis ideales en torno al TKDanza y comenz\u00f3 a entrar al mundo de la danza y me comprendi\u00f3, en ese entonces se uni\u00f3 a mis ideales y me apoyo, no me siento solo en esto, nos sentimos un equipo y mejor aun siendo hermanos pioneros del TKDance en Chile.<\/p>\n<p>Para m\u00cd\u00ad fue un gusto enorme y quiero dar las gracias a mi instructora Cecilia Perez Q.E.P.D a mi instructor Patricio Rivas, a Sabonim Rafael Santos y a la asociaci\u00f3n DALMADAESA por creer.<\/p>\n<p>Gracias! nos vemos bailen harto y entrenen mucho\u00e2\u20ac\u00a6 que nadie nunca les diga que no pueden hacer algo&#8230; \u00c2\u00a1Saludos!\u00e2\u20ac\u009d<\/p>\n<div id=\"attachment_857\" style=\"width: 310px\" class=\"wp-caption aligncenter\"><a href=\"http:\/\/dalmadaesa.cl\/wp-content\/uploads\/2013\/12\/1461844_10201783755828545_1651995914_n.jpg\"><img loading=\"lazy\" decoding=\"async\" aria-describedby=\"caption-attachment-857\" class=\"size-medium wp-image-857\" alt=\"Jonathan y Pablo Farias. TKDance 2013. Fotograf\u00cd\u00ada: Camila Mur\u00faa.\" src=\"http:\/\/dalmadaesa.cl\/wp-content\/uploads\/2013\/12\/1461844_10201783755828545_1651995914_n-300x222.jpg\" width=\"300\" height=\"222\" srcset=\"https:\/\/dalmadaesa.cl\/wp-content\/uploads\/2013\/12\/1461844_10201783755828545_1651995914_n-300x222.jpg 300w, https:\/\/dalmadaesa.cl\/wp-content\/uploads\/2013\/12\/1461844_10201783755828545_1651995914_n.jpg 693w\" sizes=\"auto, (max-width: 300px) 100vw, 300px\" \/><\/a><p id=\"caption-attachment-857\" class=\"wp-caption-text\">Jonathan y Pablo Farias. TKDance 2013. Fotograf\u00cd\u00ada: Camila Mur\u00faa.<\/p><\/div>\n","protected":false},"excerpt":{"rendered":"<p>&nbsp; Desde hace mucho tiempo que tenemos grandes exponentes en Open Brazil y Festival Latinoamericano, relacionado con el taekwondo exhibici\u00f3n, a nivel internacional Red Tiger es un referente, hoy en d\u00cd\u00ada el Taekwondo Dance va ganando espacio, haci\u00e9ndose cada vez m\u00e1s masivo y complejo. Hoy hablamos con los mayores exponentes en nuestra querida asociaci\u00f3n. Nuestros&hellip; <br \/> <a class=\"read-more\" href=\"https:\/\/dalmadaesa.cl\/?p=853\">Leer m\u00e1s<\/a><\/p>\n","protected":false},"author":2,"featured_media":0,"comment_status":"closed","ping_status":"open","sticky":false,"template":"","format":"standard","meta":{"footnotes":""},"categories":[14,1],"tags":[],"class_list":["post-853","post","type-post","status-publish","format-standard","hentry","category-entrevistas","category-general"],"_links":{"self":[{"href":"https:\/\/dalmadaesa.cl\/index.php?rest_route=\/wp\/v2\/posts\/853","targetHints":{"allow":["GET"]}}],"collection":[{"href":"https:\/\/dalmadaesa.cl\/index.php?rest_route=\/wp\/v2\/posts"}],"about":[{"href":"https:\/\/dalmadaesa.cl\/index.php?rest_route=\/wp\/v2\/types\/post"}],"author":[{"embeddable":true,"href":"https:\/\/dalmadaesa.cl\/index.php?rest_route=\/wp\/v2\/users\/2"}],"replies":[{"embeddable":true,"href":"https:\/\/dalmadaesa.cl\/index.php?rest_route=%2Fwp%2Fv2%2Fcomments&post=853"}],"version-history":[{"count":1,"href":"https:\/\/dalmadaesa.cl\/index.php?rest_route=\/wp\/v2\/posts\/853\/revisions"}],"predecessor-version":[{"id":858,"href":"https:\/\/dalmadaesa.cl\/index.php?rest_route=\/wp\/v2\/posts\/853\/revisions\/858"}],"wp:attachment":[{"href":"https:\/\/dalmadaesa.cl\/index.php?rest_route=%2Fwp%2Fv2%2Fmedia&parent=853"}],"wp:term":[{"taxonomy":"category","embeddable":true,"href":"https:\/\/dalmadaesa.cl\/index.php?rest_route=%2Fwp%2Fv2%2Fcategories&post=853"},{"taxonomy":"post_tag","embeddable":true,"href":"https:\/\/dalmadaesa.cl\/index.php?rest_route=%2Fwp%2Fv2%2Ftags&post=853"}],"curies":[{"name":"wp","href":"https:\/\/api.w.org\/{rel}","templated":true}]}}