{"id":862,"date":"2013-12-16T16:41:40","date_gmt":"2013-12-16T16:41:40","guid":{"rendered":"http:\/\/dalmadaesa.cl\/?p=862"},"modified":"2018-03-08T01:47:43","modified_gmt":"2018-03-08T01:47:43","slug":"copa-michel-trancabell-2013-campeonato-tkd-tradicional","status":"publish","type":"post","link":"https:\/\/dalmadaesa.cl\/?p=862","title":{"rendered":"Copa Michel Trancabell 2013. Campeonato TKD Tradicional."},"content":{"rendered":"<div id=\"attachment_863\" style=\"width: 310px\" class=\"wp-caption alignleft\"><a href=\"http:\/\/dalmadaesa.cl\/wp-content\/uploads\/2013\/12\/1512603_645098302218529_1518178948_n.jpg\"><img loading=\"lazy\" decoding=\"async\" aria-describedby=\"caption-attachment-863\" class=\"size-medium wp-image-863\" alt=\"Copa Michael Trancabell 2013.\" src=\"http:\/\/dalmadaesa.cl\/wp-content\/uploads\/2013\/12\/1512603_645098302218529_1518178948_n-300x217.jpg\" width=\"300\" height=\"217\" srcset=\"https:\/\/dalmadaesa.cl\/wp-content\/uploads\/2013\/12\/1512603_645098302218529_1518178948_n-300x217.jpg 300w, https:\/\/dalmadaesa.cl\/wp-content\/uploads\/2013\/12\/1512603_645098302218529_1518178948_n.jpg 921w\" sizes=\"auto, (max-width: 300px) 100vw, 300px\" \/><\/a><p id=\"caption-attachment-863\" class=\"wp-caption-text\">Copa Michael Trancabell 2013.<\/p><\/div>\n<p>El pasado s\u00e1bado 14 de Noviembre en las dependencias de la Universidad ARCIS se desarroll\u00f3 el campeonato anual de Dalmadaesa de TKD tradicional.<\/p>\n<p>Una nueva instancia en donde se expuso el \u00c2\u00a0marcial con un enfoque en la experiencia de los practicantes.Una celebraci\u00f3n del esp\u00cd\u00adritu marcial en forma y combate tradicional que dio como resultado final:<\/p>\n<p>1er Lugar KEON<\/p>\n<p>2do Lugar CLUB ESPARTA TKD ADULTOS<\/p>\n<p>3er Lugar CLUB ESCUADR\u00cd\u201cN NEGRO ESPARTANO. (Arcis)<\/p>\n<p>4to Lugar CLUB QUIRON<\/p>\n<p>Felicitaciones a todos los grandes y nuevos exponentes del estilo tradicional. As\u00cd\u00ad mismo, un gran orgullo que en nuestra organizaci\u00f3n practiquen exponentes como RAUL BUSTAMANTE. Quien obtuvo el reconocimiento \u00abEsp\u00cd\u00adritu Marcial 2013\u00bb.<\/p>\n<p>FELICITACIONES!!!<\/p>\n<p>&nbsp;<\/p>\n","protected":false},"excerpt":{"rendered":"<p>El pasado s\u00e1bado 14 de Noviembre en las dependencias de la Universidad ARCIS se desarroll\u00f3 el campeonato anual de Dalmadaesa de TKD tradicional. Una nueva instancia en donde se expuso el \u00c2\u00a0marcial con un enfoque en la experiencia de los practicantes.Una celebraci\u00f3n del esp\u00cd\u00adritu marcial en forma y combate tradicional que dio como resultado final:&hellip; <br \/> <a class=\"read-more\" href=\"https:\/\/dalmadaesa.cl\/?p=862\">Leer m\u00e1s<\/a><\/p>\n","protected":false},"author":2,"featured_media":0,"comment_status":"closed","ping_status":"open","sticky":false,"template":"","format":"standard","meta":{"footnotes":""},"categories":[4,1,7],"tags":[],"class_list":["post-862","post","type-post","status-publish","format-standard","hentry","category-actividades","category-general","category-noticias"],"_links":{"self":[{"href":"https:\/\/dalmadaesa.cl\/index.php?rest_route=\/wp\/v2\/posts\/862","targetHints":{"allow":["GET"]}}],"collection":[{"href":"https:\/\/dalmadaesa.cl\/index.php?rest_route=\/wp\/v2\/posts"}],"about":[{"href":"https:\/\/dalmadaesa.cl\/index.php?rest_route=\/wp\/v2\/types\/post"}],"author":[{"embeddable":true,"href":"https:\/\/dalmadaesa.cl\/index.php?rest_route=\/wp\/v2\/users\/2"}],"replies":[{"embeddable":true,"href":"https:\/\/dalmadaesa.cl\/index.php?rest_route=%2Fwp%2Fv2%2Fcomments&post=862"}],"version-history":[{"count":0,"href":"https:\/\/dalmadaesa.cl\/index.php?rest_route=\/wp\/v2\/posts\/862\/revisions"}],"wp:attachment":[{"href":"https:\/\/dalmadaesa.cl\/index.php?rest_route=%2Fwp%2Fv2%2Fmedia&parent=862"}],"wp:term":[{"taxonomy":"category","embeddable":true,"href":"https:\/\/dalmadaesa.cl\/index.php?rest_route=%2Fwp%2Fv2%2Fcategories&post=862"},{"taxonomy":"post_tag","embeddable":true,"href":"https:\/\/dalmadaesa.cl\/index.php?rest_route=%2Fwp%2Fv2%2Ftags&post=862"}],"curies":[{"name":"wp","href":"https:\/\/api.w.org\/{rel}","templated":true}]}}