{"id":869,"date":"2014-04-03T11:50:55","date_gmt":"2014-04-03T11:50:55","guid":{"rendered":"http:\/\/dalmadaesa.cl\/?p=869"},"modified":"2018-03-08T01:47:43","modified_gmt":"2018-03-08T01:47:43","slug":"danika-la-puereza","status":"publish","type":"post","link":"https:\/\/dalmadaesa.cl\/?p=869","title":{"rendered":"Danika, \u00abLa Pureza\u00bb"},"content":{"rendered":"<p><a href=\"http:\/\/dalmadaesa.cl\/wp-content\/uploads\/2014\/04\/Simbolo_-Estrella-del-amanecer.jpg\"><img loading=\"lazy\" decoding=\"async\" class=\"size-full wp-image-870 alignleft\" src=\"http:\/\/dalmadaesa.cl\/wp-content\/uploads\/2014\/04\/Simbolo_-Estrella-del-amanecer.jpg\" alt=\"Simbolo_ Estrella del amanecer\" width=\"220\" height=\"240\" \/><\/a>Como muchos ya saben, a Valeria Pozo, cintur\u00f3n negro de Dalmadaesa en el \u00faltimo mes se le ha diagnosticado el s\u00cd\u00adndrome Julian Barr\u00e9, Dalmadaesa se ha querido hacer presente en esta dif\u00cd\u00adcil enfermedad con un par de actividades para ayudar a solventar el costo de esta ingrata enfermedad.<\/p>\n<p>Cualquier informaci\u00f3n para hacer el donativo que consideres, consulta a tu instructor directo.<\/p>\n<p>Valeria Pozo Riveros su nombre de batalla es \u00e2\u20ac\u0153Danikka\u00e2\u20ac\u009d, su s\u00cd\u00admbolo es \u00e2\u20ac\u0153estrella del amanecer\u00e2\u20ac\u009d, su virtud \u00e2\u20ac\u0153La pureza\u00e2\u20ac\u009d, miembro activo de la Asociaci\u00f3n Dalmadaesa desde el a\u00cd\u00b1o 2003. Cintur\u00f3n negro desde Diciembre del 2009. Soci\u00f3loga, Universidad Arcis.<\/p>\n<p>Instructora ayudante: colegio Atenas y colegio Amigos.<br \/>\nMiembros del los Clubes Esparta y Keon<\/p>\n<p>Todos los cinturones negros de Dalmadaesa poseen un nombre de batalla, un s\u00cd\u00admbolo, una virtud y un contexto mitol\u00f3gico compartido con sus compa\u00cd\u00b1eros de ex\u00e1men. En el caso de Valeria corresponde a la Mitolog\u00cd\u00ada eslava \u00e2\u20ac\u0153La mitolog\u00cd\u00ada eslava es la expresi\u00f3n del sistema de creencias cosmol\u00f3gicas y religiosas que los antiguos pueblos eslavos ten\u00cd\u00adan antes de que adoptaran la religi\u00f3n cristiana. Se piensa que se pudo desarrollar a lo largo de 3000 a\u00cd\u00b1os y que algunas creencias provienen del neol\u00cd\u00adtico o incluso del mesol\u00cd\u00adtico. Esta religi\u00f3n posee numerosos rasgos en com\u00fan con otras descendientes de la religi\u00f3n proto-indoeuropea\u00e2\u20ac\u009d.<\/p>\n<p><span style=\"text-decoration: underline;\">Zoria y Danica: \u00e2\u20ac\u0153<\/span>Estos nombres significan simplemente Estrella de la Noche y Estrella de la Ma\u00cd\u00b1ana o del Amanecer, pero en las leyendas folcl\u00f3ricas de todos las naciones eslavas son a menudo descritas como personas o asociadas a personas, de una manera muy parecida al Sol y la Luna. A D\u00e1nica en ocasiones se la denomina la hermana menor del sol o su hija y probablemente estaba relacionada con \u00e2\u20ac\u0153Morana\u00e2\u20ac\u009d. Por lo tanto, Zoria era o bien la madre o la hermana mayor del sol. Es muy probable que fuera un remanente eslavo de la diosa proto-indoeuropea del anochecer, \u00e2\u20ac\u0153Hausos\u00e2\u20ac\u009d, pero habr\u00e1 que investigar mucho sobre este tema antes de sacar m\u00e1s conclusiones.<\/p>\n<p>Es de destacar que muchos de estos dioses probablemente fueran conocidos con diferentes nombres incluso en la misma lengua. Los tab\u00fas religiosos en la denominaci\u00f3n de las deidades existieron entre los eslavos y, por ello, los dioses fueron llamados con otros nombres o adjetivos que describ\u00cd\u00adan sus cualidades. Con el tiempo, estos mismos adjetivos tomaron vida\u00e2\u20ac\u009d.<\/p>\n","protected":false},"excerpt":{"rendered":"<p>Como muchos ya saben, a Valeria Pozo, cintur\u00f3n negro de Dalmadaesa en el \u00faltimo mes se le ha diagnosticado el s\u00cd\u00adndrome Julian Barr\u00e9, Dalmadaesa se ha querido hacer presente en esta dif\u00cd\u00adcil enfermedad con un par de actividades para ayudar a solventar el costo de esta ingrata enfermedad. Cualquier informaci\u00f3n para hacer el donativo que&hellip; <br \/> <a class=\"read-more\" href=\"https:\/\/dalmadaesa.cl\/?p=869\">Leer m\u00e1s<\/a><\/p>\n","protected":false},"author":2,"featured_media":0,"comment_status":"closed","ping_status":"open","sticky":false,"template":"","format":"standard","meta":{"footnotes":""},"categories":[4],"tags":[],"class_list":["post-869","post","type-post","status-publish","format-standard","hentry","category-actividades"],"_links":{"self":[{"href":"https:\/\/dalmadaesa.cl\/index.php?rest_route=\/wp\/v2\/posts\/869","targetHints":{"allow":["GET"]}}],"collection":[{"href":"https:\/\/dalmadaesa.cl\/index.php?rest_route=\/wp\/v2\/posts"}],"about":[{"href":"https:\/\/dalmadaesa.cl\/index.php?rest_route=\/wp\/v2\/types\/post"}],"author":[{"embeddable":true,"href":"https:\/\/dalmadaesa.cl\/index.php?rest_route=\/wp\/v2\/users\/2"}],"replies":[{"embeddable":true,"href":"https:\/\/dalmadaesa.cl\/index.php?rest_route=%2Fwp%2Fv2%2Fcomments&post=869"}],"version-history":[{"count":0,"href":"https:\/\/dalmadaesa.cl\/index.php?rest_route=\/wp\/v2\/posts\/869\/revisions"}],"wp:attachment":[{"href":"https:\/\/dalmadaesa.cl\/index.php?rest_route=%2Fwp%2Fv2%2Fmedia&parent=869"}],"wp:term":[{"taxonomy":"category","embeddable":true,"href":"https:\/\/dalmadaesa.cl\/index.php?rest_route=%2Fwp%2Fv2%2Fcategories&post=869"},{"taxonomy":"post_tag","embeddable":true,"href":"https:\/\/dalmadaesa.cl\/index.php?rest_route=%2Fwp%2Fv2%2Ftags&post=869"}],"curies":[{"name":"wp","href":"https:\/\/api.w.org\/{rel}","templated":true}]}}