{"id":880,"date":"2014-06-11T19:41:13","date_gmt":"2014-06-11T19:41:13","guid":{"rendered":"http:\/\/dalmadaesa.cl\/?p=880"},"modified":"2018-03-08T01:47:43","modified_gmt":"2018-03-08T01:47:43","slug":"dalma-daesa-en-copa-corea-2014","status":"publish","type":"post","link":"https:\/\/dalmadaesa.cl\/?p=880","title":{"rendered":"Dalma Daesa en Copa Corea 2014"},"content":{"rendered":"<p>Durante la fr\u00cd\u00ada y lluviosa jornada del d\u00cd\u00ada S\u00e1bado 7 de Junio se desarroll\u00f3 en las dependencias del Centro de Entrenamiento Ol\u00cd\u00admpico una nueva versi\u00f3n del tradicional campeonato nacional Copa Corea 2014. Esta ocasi\u00f3n la actividad fue patrocinada por la embajada de Corea y tuvo como particularidad que solo participaron deportistas directamente invitados, por lo que se reunieron los mejores exponentes nacionales, y la Dalma Daesa no pod\u00cd\u00ada quedar fuera.<\/p>\n<p><a href=\"http:\/\/dalmadaesa.cl\/wp-content\/uploads\/2014\/06\/wpid-20140607_132712_11.jpg\"><img decoding=\"async\" style=\"width:400px;max-width:400px;\" title=\"wpid-20140607_132712_1.jpg\" class=\"alignnone size-full\" alt=\"image\" src=\"http:\/\/dalmadaesa.cl\/wp-content\/uploads\/2014\/06\/wpid-20140607_132712_11.jpg?w=400\" \/><\/a> <\/p>\n<p>En el contexto competitivo fueron las damas quienes nos representaron, donde Francisca Mu\u00cd\u00b1oz (Academia Centuri\u00f3n) logr\u00f3 colgarse la medalla de plata y Constanza Bustamante (Club Esparta) consigui\u00f3 medalla de bronce. Felicitamos a ambas que lograron subirse al podio en sus respectivas categor\u00cd\u00adas. Por su parte nuestro representante e instructor de nuestra asociaci\u00f3n, Cristhian Barcel\u00f3, quien adem\u00e1s es Seleccionado Nacional no pudo participar debido a una lesi\u00f3n en su rodilla.<\/p>\n<p><a href=\"http:\/\/dalmadaesa.cl\/wp-content\/uploads\/2014\/06\/wpid-20140607_201256_11.jpg\"><img decoding=\"async\" style=\"width:500px;max-width:500px;\" title=\"wpid-20140607_201256_1.jpg\" class=\"alignnone size-full\" alt=\"image\" src=\"http:\/\/dalmadaesa.cl\/wp-content\/uploads\/2014\/06\/wpid-20140607_201256_11.jpg?w=500\" \/><\/a> <\/p>\n<p>Consultando a Francisca sobre esta experiencia nos comenta: \u00abMe sent\u00cd\u00ad muy bien, siento que no hay nada mejor que representar el lugar donde te desarrollaste desde tus inicios, representar el lugar donde aprend\u00cd\u00ad tanto t\u00e9cnicas, como aptitudes. Represent\u00e1ndola siento en mi interior la voz de todos mis compa\u00cd\u00b1eros que me animaban y me dec\u00cd\u00adan que siguiera y le diera con todo\u00bb. Por su parte Constanza nos cuenta: \u00abMe siento orgullosa de poder representar en cada campeonato a la Dalma Daesa y poder demostrar mis condiciones, porque todo lo que s\u00e9 al d\u00cd\u00ada de hoy es gracias a lo que me han ense\u00cd\u00b1ado cada uno de los integrantes de la asociaci\u00f3n\u00bb.<\/p>\n<p><a href=\"http:\/\/dalmadaesa.cl\/wp-content\/uploads\/2014\/06\/wpid-20140607_123329_11.jpg\"><img decoding=\"async\" style=\"width:400px;max-width:400px;\" title=\"wpid-20140607_123329_1.jpg\" class=\"alignnone size-full\" alt=\"image\" src=\"http:\/\/dalmadaesa.cl\/wp-content\/uploads\/2014\/06\/wpid-20140607_123329_11.jpg?w=400\" \/><\/a> <\/p>\n<p>Por otra parte tuvimos la presencia de los hermanos Farias, representantes del Club C\u00cd\u00adrculo de Quir\u00f3n, quienes forman parte del equipo de exhibici\u00f3n, el cual realiz\u00f3 una gran demostraci\u00f3n de formas, rompimientos, acrobacias y grandes t\u00e9cnicas en la ceremonia inaugural del evento. Seg\u00fan cuenta Pablo, uno de los hermanos, acerca de pertenecer a este equipo: \u00abMe siento bien y muy feliz, hay que decirlo, representando a la asociaci\u00f3n, ya que as\u00cd\u00ad se motiva m\u00e1s gente a crear exhibiciones, coreograf\u00cd\u00adas de taekwondo dance. Detr\u00e1s de esto hay arte y cultura, y me hace sentir que somos distintos, que obtuve una base para comenzar en este camino del taekwondo espect\u00e1culo. Y en cada exhibici\u00f3n en la que estoy, pienso y digo la Dalma Daesa est\u00e1 presente aqu\u00cd\u00ad, y Quir\u00f3n, mi equipo, en particular\u00bb. Adem\u00e1s agrega que: \u00abEn la pasada exhibici\u00f3n en la Copa Corea me consolid\u00e9 como parte del equipo oficial, donde poco a poco a nivel nacional hemos obtenido credibilidad y apoyo. Tenemos metas como equipo y en lo personal la Dalma Daesa siempre estar\u00e1 representada\u00bb. Por otro lado su hermano Jonathan nos cuenta que: \u00abRepresentar a la asociaci\u00f3n es una emoci\u00f3n tremenda, es la alegr\u00cd\u00ada que me da al saber que taekwondo espect\u00e1culo es parte de nuestra identidad como asociaci\u00f3n. Me siento con una gran responsabilidad al ser parte del equipo de exhibici\u00f3n, pero creo que cuando uno hace las cosas con amor, esas responsabilidades se cumplen. Me siento to feliz de hacer del taekwondo una expresi\u00f3n art\u00cd\u00adstica en el cual la gente goce, se emocione y aprenda cada vez m\u00e1s del arte\u00bb<\/p>\n<p><a href=\"http:\/\/dalmadaesa.cl\/wp-content\/uploads\/2014\/06\/wpid-20140607_132038_11.jpg\"><img decoding=\"async\" style=\"width:400px;max-width:400px;\" title=\"wpid-20140607_132038_1.jpg\" class=\"alignnone size-full\" alt=\"image\" src=\"http:\/\/dalmadaesa.cl\/wp-content\/uploads\/2014\/06\/wpid-20140607_132038_11.jpg?w=400\" \/><\/a><\/p>\n","protected":false},"excerpt":{"rendered":"<p>Durante la fr\u00cd\u00ada y lluviosa jornada del d\u00cd\u00ada S\u00e1bado 7 de Junio se desarroll\u00f3 en las dependencias del Centro de Entrenamiento Ol\u00cd\u00admpico una nueva versi\u00f3n del tradicional campeonato nacional Copa Corea 2014. Esta ocasi\u00f3n la actividad fue patrocinada por la embajada de Corea y tuvo como particularidad que solo participaron deportistas directamente invitados, por lo&hellip; <br \/> <a class=\"read-more\" href=\"https:\/\/dalmadaesa.cl\/?p=880\">Leer m\u00e1s<\/a><\/p>\n","protected":false},"author":5,"featured_media":0,"comment_status":"closed","ping_status":"open","sticky":false,"template":"","format":"standard","meta":{"footnotes":""},"categories":[1,7,3],"tags":[],"class_list":["post-880","post","type-post","status-publish","format-standard","hentry","category-general","category-noticias","category-torneos"],"_links":{"self":[{"href":"https:\/\/dalmadaesa.cl\/index.php?rest_route=\/wp\/v2\/posts\/880","targetHints":{"allow":["GET"]}}],"collection":[{"href":"https:\/\/dalmadaesa.cl\/index.php?rest_route=\/wp\/v2\/posts"}],"about":[{"href":"https:\/\/dalmadaesa.cl\/index.php?rest_route=\/wp\/v2\/types\/post"}],"author":[{"embeddable":true,"href":"https:\/\/dalmadaesa.cl\/index.php?rest_route=\/wp\/v2\/users\/5"}],"replies":[{"embeddable":true,"href":"https:\/\/dalmadaesa.cl\/index.php?rest_route=%2Fwp%2Fv2%2Fcomments&post=880"}],"version-history":[{"count":0,"href":"https:\/\/dalmadaesa.cl\/index.php?rest_route=\/wp\/v2\/posts\/880\/revisions"}],"wp:attachment":[{"href":"https:\/\/dalmadaesa.cl\/index.php?rest_route=%2Fwp%2Fv2%2Fmedia&parent=880"}],"wp:term":[{"taxonomy":"category","embeddable":true,"href":"https:\/\/dalmadaesa.cl\/index.php?rest_route=%2Fwp%2Fv2%2Fcategories&post=880"},{"taxonomy":"post_tag","embeddable":true,"href":"https:\/\/dalmadaesa.cl\/index.php?rest_route=%2Fwp%2Fv2%2Ftags&post=880"}],"curies":[{"name":"wp","href":"https:\/\/api.w.org\/{rel}","templated":true}]}}